{"id":137106,"date":"2023-07-12T22:57:27","date_gmt":"2023-07-13T01:57:27","guid":{"rendered":"http:\/\/centraldeportes.com.ar\/?p=38532"},"modified":"2025-02-11T20:31:25","modified_gmt":"2025-02-11T23:31:25","slug":"el-5-festival-tiene-todo-listo-al-mejor-estilo-carlos-lopez","status":"publish","type":"post","link":"https:\/\/cdnoticias.com\/index.php\/2023\/07\/12\/el-5-festival-tiene-todo-listo-al-mejor-estilo-carlos-lopez\/","title":{"rendered":"El 5\u00b0 festival tiene todo listo al \u201cmejor estilo Carlos L\u00f3pez\u201d"},"content":{"rendered":"<p>El venidero viernes se llevar\u00e1 a cabo el 5\u00b0 festival de boxeo del a\u00f1o en instalaciones del Club El Fort\u00edn y este mi\u00e9rcoles, se llev\u00f3 a cabo el lanzamiento. Dir\u00e1 presente el entrenador de la Selecci\u00f3n Argentina de Boxeo Amateur.<!--more--><\/p>\n<hr \/>\n<p>En conferencia de prensa, se oficializ\u00f3 la realizaci\u00f3n de un nuevo festival de boxeo que estar\u00e1 organizado por Carlos L\u00f3pez y fiscalizado por la Comisi\u00f3n Municipal de Boxeo.<\/p>\n<p>&nbsp;<\/p>\n<p>La velada que comenzar\u00e1 a las 21:00 contar\u00e1 con la presencia de Roberto Arrieta, entrenador de la Selecci\u00f3n Argentina de Boxeo Amateur tendr\u00e1 12 peleas amateur y pondr\u00e1 en juego varios t\u00edtulos bonaerenses, pero tambi\u00e9n, previo al inicio oficial, habr\u00e1 exhibiciones para los deportistas que se est\u00e1n iniciando en la actividad.<\/p>\n<p>&nbsp;<\/p>\n<p>El quinto festival del 2023 tendr\u00e1 como combate de fondo el duelo entre el p\u00fagil local Alexander Far\u00edas y Jes\u00fas Arnauz de La Pampa, que pr\u00f3ximos a pasar al profesionalismo, intentar\u00e1n quedarse con el cintur\u00f3n.<\/p>\n<p>&nbsp;<\/p>\n<p>La programaci\u00f3n:<\/p>\n<p>Preliminares<br \/>\nJuanita Alonso (Olavarr\u00eda) vs Camila Castro (Olavarr\u00eda)<br \/>\nMat\u00edas Romero (Olavarr\u00eda) vs Laureano Yancaqueo (La Pampa)<br \/>\nAzul L\u00f3pez (Olavarr\u00eda) vs Melina S\u00e1nchez (Francisco Solano)<br \/>\nBraian Tevez (Olavarr\u00eda) vs Uriel Barrag\u00e1n (Olavarr\u00eda)<br \/>\nJerem\u00edas Perich\u00f3n (Olavarr\u00eda) vs An\u00edbal Arguello (Benito Ju\u00e1rez)<br \/>\nCristian Cavia (Hinojo) vs Ulises Franco (Tandil)<br \/>\nTitulo Bonaerense: Rosa Berm\u00fadez (Olavarr\u00eda) vs Gisele Garc\u00eda (San Bernardo)<br \/>\nSof\u00eda Olivetto (Olavarr\u00eda) vs Abril Varela (San Bernardo)<br \/>\nJonathan Rodr\u00edguez (Necochea) vs Alan Sarro (San Bernardo)<br \/>\nMariana L\u00f3pez (Olavarr\u00eda) vs Roc\u00edo Prada (Necochea)<br \/>\nRodrigo Saenz (Tandil) vs Leonardo rojas (Necochea)<\/p>\n<p>Semifondo:<br \/>\nT\u00edtulo Bonaerense: Iara Benito (Olavarria) vs Ail\u00e9n Naranjo (Francisco Solano)<\/p>\n<p>Fondo<br \/>\nT\u00edtulo Bonaerense: Alexander Far\u00edas (Olavarr\u00eda) vs Jes\u00fas Arnauz (La Pampa)<\/p>\n","protected":false},"excerpt":{"rendered":"<p>El venidero viernes se llevar\u00e1 a cabo el 5\u00b0 festival de boxeo del a\u00f1o en instalaciones del Club El Fort\u00edn<\/p>\n","protected":false},"author":96739694,"featured_media":156324,"comment_status":"closed","ping_status":"closed","sticky":false,"template":"","format":"standard","meta":{"_jetpack_memberships_contains_paid_content":false,"footnotes":""},"categories":[30,1],"tags":[],"class_list":["post-137106","post","type-post","status-publish","format-standard","has-post-thumbnail","hentry","category-polideportivo","category-portada"],"jetpack_featured_media_url":"https:\/\/i0.wp.com\/cdnoticias.com\/wp-content\/uploads\/2023\/07\/WhatsApp-Image-2023-07-12-at-20.19.50.jpeg?fit=1600%2C1200&ssl=1","jetpack_sharing_enabled":true,"_links":{"self":[{"href":"https:\/\/cdnoticias.com\/index.php\/wp-json\/wp\/v2\/posts\/137106","targetHints":{"allow":["GET"]}}],"collection":[{"href":"https:\/\/cdnoticias.com\/index.php\/wp-json\/wp\/v2\/posts"}],"about":[{"href":"https:\/\/cdnoticias.com\/index.php\/wp-json\/wp\/v2\/types\/post"}],"author":[{"embeddable":true,"href":"https:\/\/cdnoticias.com\/index.php\/wp-json\/wp\/v2\/users\/96739694"}],"replies":[{"embeddable":true,"href":"https:\/\/cdnoticias.com\/index.php\/wp-json\/wp\/v2\/comments?post=137106"}],"version-history":[{"count":0,"href":"https:\/\/cdnoticias.com\/index.php\/wp-json\/wp\/v2\/posts\/137106\/revisions"}],"wp:featuredmedia":[{"embeddable":true,"href":"https:\/\/cdnoticias.com\/index.php\/wp-json\/wp\/v2\/media\/156324"}],"wp:attachment":[{"href":"https:\/\/cdnoticias.com\/index.php\/wp-json\/wp\/v2\/media?parent=137106"}],"wp:term":[{"taxonomy":"category","embeddable":true,"href":"https:\/\/cdnoticias.com\/index.php\/wp-json\/wp\/v2\/categories?post=137106"},{"taxonomy":"post_tag","embeddable":true,"href":"https:\/\/cdnoticias.com\/index.php\/wp-json\/wp\/v2\/tags?post=137106"}],"curies":[{"name":"wp","href":"https:\/\/api.w.org\/{rel}","templated":true}]}}