{"id":137095,"date":"2023-07-11T14:56:03","date_gmt":"2023-07-11T17:56:03","guid":{"rendered":"http:\/\/centraldeportes.com.ar\/?p=38449"},"modified":"2025-02-11T17:53:14","modified_gmt":"2025-02-11T20:53:14","slug":"las-zonales-del-centro-finalizaron-su-paso-por-la-bota-2","status":"publish","type":"post","link":"https:\/\/cdnoticias.com\/index.php\/2023\/07\/11\/las-zonales-del-centro-finalizaron-su-paso-por-la-bota-2\/","title":{"rendered":"Las zonales del centro finalizaron su paso por \u201cLa Bota\u201d"},"content":{"rendered":"<p>En el marco de la quinta fecha del campeonato 2023, las divisionales del centro de la provincia de Buenos Aires le pusieron temperatura a una jornada fr\u00eda.<\/p>\n<p><!--more--><\/p>\n<hr \/>\n<p>La F\u00f3rmula Azul fue la primera en abrir la actividad oficial con la primera clasificaci\u00f3n que determinar\u00eda el ordenamiento de partida para la primera final del d\u00eda. Recordemos que la categor\u00eda de monoplazas realiza 2 clasificaciones y 2 finales sin series.<\/p>\n<p>&nbsp;<\/p>\n<p>La primera final se puso en marcha y antes de ingresar a la dif\u00edcil primera curva del trazado, Abidin y Jug\u00f3n se rozan provocando que este \u00faltimo termine en la tierra arada provocando el ingreso del auto de seguridad. Una vez que se relanz\u00f3 la competencia, Luis Bossi pudo hacer una gran diferencia para llevarse la carrera, segundo finaliz\u00f3 Maximiliano Testa que larg\u00f3 desde la \u00faltima colocaci\u00f3n mientras que Lucas Pal\u00edn se subi\u00f3 al podio en el tercer escal\u00f3n.<\/p>\n<p>&nbsp;<\/p>\n<p><img data-recalc-dims=\"1\" loading=\"lazy\" decoding=\"async\" class=\"alignnone size-full wp-image-38450\" src=\"https:\/\/i0.wp.com\/centraldeportes.com.ar\/wp-content\/uploads\/2023\/07\/WhatsApp-Image-2023-07-11-at-14.36.16.jpeg?resize=508%2C280\" alt=\"\" width=\"508\" height=\"280\" \/><\/p>\n<p>&nbsp;<\/p>\n<p>La segunda carrera fue un monologo de Natalio Jug\u00f3n que se tom\u00f3 revancha de lo sucedido en la primera competencia y gan\u00f3 de punta a punta, segundo finaliz\u00f3 Luis Bossi y tercero arrib\u00f3 la dupla de Igao-Panelo. Pablo L\u00f3pez finaliz\u00f3 sexto luego de visitar la banquina del circuito en el primer giro.<\/p>\n<p>&nbsp;<\/p>\n<p>En la Promo del Centro Braian Stracquadaini puso toda la experiencia a la vista y se llev\u00f3 la final de punta a punta, segundo finaliz\u00f3 Grierson que aprovech\u00f3 el incidente de la largada para acomodarse en esa colocaci\u00f3n y aguantarla hasta el banderazo final. El podio lo complet\u00f3 Daniel Staengel.<\/p>\n<p>La Monomarca 1400 fue la encargada de ponerle el broche de oro a la tarde y cerr\u00f3 la actividad con la competencia de invitados. En la primera final, el vencedor fue la dupla de Etchecoltaz-Errobidart, el binomio de Tancredi-Morey y por Lubert-Roman. En la segunda final la dupla de Lubert y Roman volvieron a ser protagonistas y se llevaron la final, segundo concluyeron Tancredi-Morey y terceros el binomio de Macaluso-Cardone.<\/p>\n","protected":false},"excerpt":{"rendered":"<p>En el marco de la quinta fecha del campeonato 2023, las divisionales del centro de la provincia de Buenos Aires<\/p>\n","protected":false},"author":96739694,"featured_media":156226,"comment_status":"closed","ping_status":"closed","sticky":false,"template":"","format":"standard","meta":{"_jetpack_memberships_contains_paid_content":false,"footnotes":""},"categories":[34,1],"tags":[],"class_list":["post-137095","post","type-post","status-publish","format-standard","has-post-thumbnail","hentry","category-automovilismo","category-portada"],"jetpack_featured_media_url":"https:\/\/i0.wp.com\/cdnoticias.com\/wp-content\/uploads\/2023\/07\/WhatsApp-Image-2023-07-11-at-14.36.08-e1689098146451.jpeg?fit=1032%2C572&ssl=1","jetpack_sharing_enabled":true,"_links":{"self":[{"href":"https:\/\/cdnoticias.com\/index.php\/wp-json\/wp\/v2\/posts\/137095","targetHints":{"allow":["GET"]}}],"collection":[{"href":"https:\/\/cdnoticias.com\/index.php\/wp-json\/wp\/v2\/posts"}],"about":[{"href":"https:\/\/cdnoticias.com\/index.php\/wp-json\/wp\/v2\/types\/post"}],"author":[{"embeddable":true,"href":"https:\/\/cdnoticias.com\/index.php\/wp-json\/wp\/v2\/users\/96739694"}],"replies":[{"embeddable":true,"href":"https:\/\/cdnoticias.com\/index.php\/wp-json\/wp\/v2\/comments?post=137095"}],"version-history":[{"count":0,"href":"https:\/\/cdnoticias.com\/index.php\/wp-json\/wp\/v2\/posts\/137095\/revisions"}],"wp:featuredmedia":[{"embeddable":true,"href":"https:\/\/cdnoticias.com\/index.php\/wp-json\/wp\/v2\/media\/156226"}],"wp:attachment":[{"href":"https:\/\/cdnoticias.com\/index.php\/wp-json\/wp\/v2\/media?parent=137095"}],"wp:term":[{"taxonomy":"category","embeddable":true,"href":"https:\/\/cdnoticias.com\/index.php\/wp-json\/wp\/v2\/categories?post=137095"},{"taxonomy":"post_tag","embeddable":true,"href":"https:\/\/cdnoticias.com\/index.php\/wp-json\/wp\/v2\/tags?post=137095"}],"curies":[{"name":"wp","href":"https:\/\/api.w.org\/{rel}","templated":true}]}}