{"id":137084,"date":"2023-07-09T19:33:59","date_gmt":"2023-07-09T22:33:59","guid":{"rendered":"http:\/\/centraldeportes.com.ar\/?p=38375"},"modified":"2023-07-09T19:33:59","modified_gmt":"2023-07-09T22:33:59","slug":"el-fortin-elimino-a-racing-y-se-metio-en-semifinales-2","status":"publish","type":"post","link":"https:\/\/cdnoticias.com\/index.php\/2023\/07\/09\/el-fortin-elimino-a-racing-y-se-metio-en-semifinales-2\/","title":{"rendered":"El Fort\u00edn elimin\u00f3 a Racing y se meti\u00f3 en semifinales"},"content":{"rendered":"<p>Los dirigidos por Fabricio Torres vencieron 1 a 0 a la \u201cEstrellita\u201d en los noventa reglamentarios, lograron igualar el global adverso y se impusieron desde la tanda de penales. Hubo incidentes en la previa y durante la salida del estadio.<!--more--><\/p>\n<hr \/>\n<p>Ante la mirada de cientos de hinchas de ambas parcialidades que se acercaron al Ricardo S\u00e1nchez, <strong>El Fort\u00edn recibi\u00f3 a Racing para disputar los \u00faltimos 90\u2019 minutos de la serie de cuartos de final<\/strong> correspondiente al Torneo Interligas.<\/p>\n<p>&nbsp;<\/p>\n<p><strong>El \u201cFortinero\u201d golpe\u00f3 r\u00e1pido en el primer tiempo y a los 11\u2019, con el gol de Emiliano Piecenti le gan\u00f3 1 a 0 al \u201cChaira\u201d<\/strong>, empat\u00f3 la serie global en una unidad y todo se resolvi\u00f3 con ejecuciones desde los once metros. En la definici\u00f3n, la victoria qued\u00f3 para <strong>los de Fabricio Torres<\/strong>, quienes <strong>se impusieron 4 a 3 y clasificaron a las semifinales<\/strong> del campeonato. Adem\u00e1s de dejar en el camino al \u00faltimo campe\u00f3n, quedaron con muchas chances de lograr el ansiado boleto al Regional Amateur.<\/p>\n<p>&nbsp;<\/p>\n<p>En la previa del encuentro, la Polic\u00eda dispers\u00f3 con balas de gomas un posible encontronazo con parte de las dos hinchadas. En la salida del estadio, una decena de simpatizantes \u201cChairas\u201d tuvieron disturbios con efectivos del GAD, que termin\u00f3 en piedrazos, m\u00e1s disparos, gases lacrim\u00f3genos y algunos aprehendidos.<\/p>\n<p>&nbsp;<\/p>\n<h6><strong>El partido, los detalles<\/strong><\/h6>\n<p>&nbsp;<\/p>\n<p>Por ser local y por c\u00f3mo estaba la situaci\u00f3n en el global, El Fort\u00edn sali\u00f3 a buscar enseguida el gol tempranero que lleg\u00f3 mediante pelota detenida. <strong>Desde el bander\u00edn derecho, Gonz\u00e1lez mand\u00f3 la pelota al medio del \u00e1rea, alcanz\u00f3 a desviar Rodr\u00edguez y por el segundo palo con la rodilla, Emiliano Piecenti la empuj\u00f3 a la red para el 1 a 0 cuando corr\u00edan 11\u2019 en el cron\u00f3metro<\/strong>.<\/p>\n<p>&nbsp;<\/p>\n<p>[soliloquy id=&#8221;38361&#8243;]<\/p>\n<p>&nbsp;<\/p>\n<p>Racing, un tanto desconcertado dentro del terreno de juego, trat\u00f3 de aguantar la embestida del \u201cFortinero\u201d y a los 19\u2019 se vio envuelto en una pol\u00e9mica. <strong>Todo el banco de la \u201cEstrellita\u201d protest\u00f3 una mano de Marcos Bonavetti dentro del \u00e1rea que Deber entendi\u00f3 como casual<\/strong>. Incluso m\u00e1s tarde, a los 38\u2019, Ram\u00edrez le neg\u00f3 el gol a Tarasco en una buena oportunidad de la visita para empatar las acciones.<\/p>\n<p>&nbsp;<\/p>\n<p>En la etapa complementaria, el elenco comandado por el \u201cChueco\u201d Garc\u00eda Lorenzo tom\u00f3 m\u00e1s protagonismo desde la mitad de la cancha con Fr\u00edas, Cataldi y Scacheri, pero no logr\u00f3 hilvanar jugada alguna que pusiera a trabajar al experimentado arquero de El Fort\u00edn.<\/p>\n<p>&nbsp;<\/p>\n<p>A los 56\u2019, un derechazo de Ayesa entrando al \u00e1rea pas\u00f3 desviado por la derecha y a los 80\u2019, Tarasc\u00f3 prob\u00f3 de media distancia un remate sin peligro de gol. El Fort\u00edn no fue el mismo del primer tiempo. Espero encontrar alg\u00fan oportuno contragolpe que no lleg\u00f3 y poco a poco el encuentro fue tomando direcci\u00f3n a la definici\u00f3n del punto penal, donde termin\u00f3 festejando el elenco \u201cFortinero\u201d.<\/p>\n<hr \/>\n<p><strong>Tanda de penales:<\/strong><\/p>\n<p><strong>El Fort\u00edn (4):<\/strong> Barrientos (X \u2013 ataj\u00f3 Vivas), M. Bonavetti (O), Larregina (O), Piecenti (O), Gonz\u00e1lez (O).<\/p>\n<p><strong>Racing (3):<\/strong> Tarasco (O), Ordozgoiti (O), Izaguirre (X), Palmieri (X \u2013 ataj\u00f3 Ram\u00edrez), Scacheri (O).<\/p>\n<hr \/>\n<p><strong>S\u00edntesis El Fort\u00edn &#8211; Racing: \u00a0<\/strong><\/p>\n<p><strong>El Fort\u00edn (1):<\/strong> N\u00e9stor Ram\u00edrez; Emanuel Teves, Hugo Larregina, Enzo Barrientos, Cristian Echarri; Marcos Bonavetti, Bernardo Junger, Enzo Bonavetti (L. Benito), Yoel Gonz\u00e1lez; Emiliano Piecenti y Sebasti\u00e1n Rodr\u00edguez (F. Cisneros). DT: Fabricio Torres.<\/p>\n<p><strong>Racing (0): <\/strong>Rodrigo Vivas; Ignacio Baldo (F. Kolman), Nicol\u00e1s Grigera, Gonzalo Izaguirre, Ayrton Palmieri; Manuel Scacheri, Diego Fr\u00edas, Alejandro Cataldi (T. Kolman), Joaqu\u00edn Ayesa; Mat\u00edas Ordozgoiti y Rub\u00e9n Tarasco. DT: David Garc\u00eda Lorenzo.<\/p>\n<p><strong>Goles<\/strong>: 11m. PT Emiliano Piecenti (EF).<\/p>\n<p><strong>Amonestados<\/strong>: Junger y Rodr\u00edguez (El Fort\u00edn); Palmieri, Baldo, Fr\u00edas y Scacheri (Racing).<\/p>\n<p><strong>Expulsados<\/strong>: 40m. ST Pablo Mar\u00edn \u2013 AC \u2013 (EF); 41m. ST Nicol\u00e1s Grigera (R).<\/p>\n<p><strong>\u00c1rbitro<\/strong>: Adri\u00e1n Deber. <strong>Estadio<\/strong>: Ricardo S\u00e1nchez.<\/p>\n","protected":false},"excerpt":{"rendered":"<p>Los dirigidos por Fabricio Torres vencieron 1 a 0 a la \u201cEstrellita\u201d en los noventa reglamentarios, lograron igualar el global<\/p>\n","protected":false},"author":96739695,"featured_media":38364,"comment_status":"closed","ping_status":"closed","sticky":false,"template":"","format":"standard","meta":{"_jetpack_memberships_contains_paid_content":false,"footnotes":""},"categories":[35,1,41],"tags":[],"class_list":["post-137084","post","type-post","status-publish","format-standard","has-post-thumbnail","hentry","category-futbol","category-portada","category-primera-y-reserva"],"jetpack_featured_media_url":"https:\/\/i0.wp.com\/cdnoticias.com\/wp-content\/uploads\/2021\/11\/controles-de-precios-03.jpg?fit=790%2C440&ssl=1","jetpack_sharing_enabled":true,"_links":{"self":[{"href":"https:\/\/cdnoticias.com\/index.php\/wp-json\/wp\/v2\/posts\/137084","targetHints":{"allow":["GET"]}}],"collection":[{"href":"https:\/\/cdnoticias.com\/index.php\/wp-json\/wp\/v2\/posts"}],"about":[{"href":"https:\/\/cdnoticias.com\/index.php\/wp-json\/wp\/v2\/types\/post"}],"author":[{"embeddable":true,"href":"https:\/\/cdnoticias.com\/index.php\/wp-json\/wp\/v2\/users\/96739695"}],"replies":[{"embeddable":true,"href":"https:\/\/cdnoticias.com\/index.php\/wp-json\/wp\/v2\/comments?post=137084"}],"version-history":[{"count":0,"href":"https:\/\/cdnoticias.com\/index.php\/wp-json\/wp\/v2\/posts\/137084\/revisions"}],"wp:featuredmedia":[{"embeddable":true,"href":"https:\/\/cdnoticias.com\/index.php\/wp-json\/wp\/v2\/media\/38364"}],"wp:attachment":[{"href":"https:\/\/cdnoticias.com\/index.php\/wp-json\/wp\/v2\/media?parent=137084"}],"wp:term":[{"taxonomy":"category","embeddable":true,"href":"https:\/\/cdnoticias.com\/index.php\/wp-json\/wp\/v2\/categories?post=137084"},{"taxonomy":"post_tag","embeddable":true,"href":"https:\/\/cdnoticias.com\/index.php\/wp-json\/wp\/v2\/tags?post=137084"}],"curies":[{"name":"wp","href":"https:\/\/api.w.org\/{rel}","templated":true}]}}