{"id":137080,"date":"2023-07-08T22:46:18","date_gmt":"2023-07-09T01:46:18","guid":{"rendered":"http:\/\/centraldeportes.com.ar\/?p=38341"},"modified":"2025-02-11T17:53:40","modified_gmt":"2025-02-11T20:53:40","slug":"la-9-fecha-se-jugo-incompleta-pero-ya-tiene-un-campeon","status":"publish","type":"post","link":"https:\/\/cdnoticias.com\/index.php\/2023\/07\/08\/la-9-fecha-se-jugo-incompleta-pero-ya-tiene-un-campeon\/","title":{"rendered":"La 9\u00b0 fecha se jug\u00f3 incompleta, pero ya tiene un campe\u00f3n"},"content":{"rendered":"<p>Las categor\u00edas juveniles le dieron continuidad al Torneo Apertura organizado por la Liga de F\u00fatbol de Olavarr\u00eda. En S\u00e9ptima, Estudiantes se consagr\u00f3 a falta de dos fechas.<!--more--><\/p>\n<hr \/>\n<p>Con acci\u00f3n en varios escenarios de la ciudad, este s\u00e1bado las <strong>divisiones menores<\/strong> del f\u00fatbol olavarriense celebraron la <strong>antepen\u00faltima fecha del Torneo Apertura<\/strong>, que arroj\u00f3 un campe\u00f3n y dej\u00f3 tres duelos pendientes.<\/p>\n<p>&nbsp;<\/p>\n<p>Por un lado,<strong> en S\u00e9ptima, Estudiantes derrot\u00f3 a Embajadores<\/strong> en la cancha central del Parque Carlos Guerrero, le sac\u00f3 seis puntos de diferencia en las posiciones <strong>y grit\u00f3 campe\u00f3n a falta de dos jornadas<\/strong>.<\/p>\n<p>&nbsp;<\/p>\n<figure id=\"attachment_38343\" aria-describedby=\"caption-attachment-38343\" style=\"width: 800px\" class=\"wp-caption aligncenter\"><img data-recalc-dims=\"1\" loading=\"lazy\" decoding=\"async\" class=\"wp-image-38343 size-large\" src=\"https:\/\/i0.wp.com\/centraldeportes.com.ar\/wp-content\/uploads\/2023\/07\/Estudiantes-Campe%C3%B3n-del-Apertura-2023-en-S%C3%A9ptima-e1688867338728-1024x576.jpeg?resize=800%2C450\" alt=\"\" width=\"800\" height=\"450\" \/><figcaption id=\"caption-attachment-38343\" class=\"wp-caption-text\">Cr\u00e9dito: Prensa CAE<\/figcaption><\/figure>\n<p>&nbsp;<\/p>\n<p>Los enfrentamientos entre El Fort\u00edn y Luj\u00e1n en Octava, Sexta y Quinta fueron postergados por decisi\u00f3n de la Comisi\u00f3n Directiva \u201cFortinera\u201d. El motivo se debe a la <strong>preservaci\u00f3n del campo de juego del Ricardo S\u00e1nchez<\/strong> para el partido de Primera contra Racing por el Torneo Interligas.<\/p>\n<p>&nbsp;<\/p>\n<p>[soliloquy id=&#8221;38327&#8243;]<\/p>\n<p>&nbsp;<\/p>\n<h6><strong>Resultados:<\/strong><\/h6>\n<p>&nbsp;<\/p>\n<h6><strong>En D\u00e9cima<\/strong>:<\/h6>\n<p>Municipales <strong>1 \u2013 2<\/strong> Racing<\/p>\n<p>Sierra Chica <strong>0 \u2013 1<\/strong> Loma Negra<\/p>\n<p>Ferro <strong>3 \u2013 0<\/strong> San Mart\u00edn<\/p>\n<p>Embajadores <strong>2 \u2013 0<\/strong> Estudiantes<\/p>\n<p>&nbsp;<\/p>\n<p><img data-recalc-dims=\"1\" loading=\"lazy\" decoding=\"async\" class=\"aligncenter size-full wp-image-38348\" src=\"https:\/\/i0.wp.com\/centraldeportes.com.ar\/wp-content\/uploads\/2023\/07\/Posiciones-D%C3%A9cima-9%C2%B0-fecha.png?resize=788%2C487\" alt=\"\" width=\"788\" height=\"487\" \/><\/p>\n<p>&nbsp;<\/p>\n<h6><strong>En Novena<\/strong>:<\/h6>\n<p>Sierra Chica <strong>0 \u2013 0<\/strong> Loma Negra<\/p>\n<p>Ferro <strong>4 \u2013 0<\/strong> San Mart\u00edn<\/p>\n<p>Embajadores <strong>1 \u2013 1<\/strong> Estudiantes<\/p>\n<p>&nbsp;<\/p>\n<p><img data-recalc-dims=\"1\" loading=\"lazy\" decoding=\"async\" class=\"aligncenter size-full wp-image-38349\" src=\"https:\/\/i0.wp.com\/centraldeportes.com.ar\/wp-content\/uploads\/2023\/07\/Posiciones-Novena-9%C2%B0-fecha.png?resize=788%2C407\" alt=\"\" width=\"788\" height=\"407\" \/><\/p>\n<p>&nbsp;<\/p>\n<h6><strong>En Octava<\/strong>:<\/h6>\n<p>Municipales <strong>1 \u2013 4<\/strong> Racing<\/p>\n<p>Sierra Chica <strong>1 \u2013 0<\/strong> Loma Negra<\/p>\n<p>Ferro <strong>0 \u2013 0<\/strong> San Mart\u00edn<\/p>\n<p>El Fort\u00edn \u2013 Luj\u00e1n (<strong>Postergado<\/strong>)<\/p>\n<p>Embajadores <strong>2 \u2013 0<\/strong> Estudiantes<\/p>\n<p>&nbsp;<\/p>\n<p><img data-recalc-dims=\"1\" loading=\"lazy\" decoding=\"async\" class=\"aligncenter size-full wp-image-38350\" src=\"https:\/\/i0.wp.com\/centraldeportes.com.ar\/wp-content\/uploads\/2023\/07\/Posiciones-Octava-9%C2%B0-fecha.png?resize=786%2C531\" alt=\"\" width=\"786\" height=\"531\" \/><\/p>\n<p>&nbsp;<\/p>\n<h6><strong>En S\u00e9ptima:<\/strong><\/h6>\n<p>Municipales <strong>3 \u2013 3<\/strong> Racing<\/p>\n<p>Ferro <strong>0 \u2013 0<\/strong> San Mart\u00edn<\/p>\n<p>Estudiantes <strong>2 \u2013 1<\/strong> Embajadores<\/p>\n<p>&nbsp;<\/p>\n<p><img data-recalc-dims=\"1\" loading=\"lazy\" decoding=\"async\" class=\"aligncenter size-full wp-image-38352\" src=\"https:\/\/i0.wp.com\/centraldeportes.com.ar\/wp-content\/uploads\/2023\/07\/Posiciones-S%C3%A9ptima-9%C2%B0-fecha.png?resize=789%2C408\" alt=\"\" width=\"789\" height=\"408\" \/><\/p>\n<p>&nbsp;<\/p>\n<h6><strong>En Sexta:<\/strong><\/h6>\n<p>Municipales <strong>3 \u2013 3<\/strong> Racing<\/p>\n<p>Sierra Chica<strong> 0 \u2013 3<\/strong> Loma Negra<\/p>\n<p>El Fort\u00edn \u2013 Luj\u00e1n (<strong>Postergado<\/strong>)<\/p>\n<p>Estudiantes <strong>0 \u2013 1<\/strong> Embajadores<\/p>\n<p>&nbsp;<\/p>\n<p><img data-recalc-dims=\"1\" loading=\"lazy\" decoding=\"async\" class=\"aligncenter size-full wp-image-38353\" src=\"https:\/\/i0.wp.com\/centraldeportes.com.ar\/wp-content\/uploads\/2023\/07\/Posiciones-Sexta-9%C2%B0-fecha.png?resize=786%2C446\" alt=\"\" width=\"786\" height=\"446\" \/><\/p>\n<p>&nbsp;<\/p>\n<h6><strong>En Quinta:<\/strong><\/h6>\n<p>Municipales <strong>1 \u2013 2<\/strong> Racing<\/p>\n<p>Sierra Chica <strong>5 \u2013 2<\/strong> Loma Negra<\/p>\n<p>Ferro <strong>1 \u2013 0<\/strong> San Mart\u00edn<\/p>\n<p>El Fort\u00edn \u2013 Luj\u00e1n (<strong>Postergado<\/strong>)<\/p>\n<p>Estudiantes <strong>1 \u2013 0<\/strong> Embajadores<\/p>\n<p>&nbsp;<\/p>\n<p><img data-recalc-dims=\"1\" loading=\"lazy\" decoding=\"async\" class=\"aligncenter size-full wp-image-38351\" src=\"https:\/\/i0.wp.com\/centraldeportes.com.ar\/wp-content\/uploads\/2023\/07\/Posiciones-Quinta-9%C2%B0-fecha.png?resize=786%2C530\" alt=\"\" width=\"786\" height=\"530\" \/><\/p>\n<p>&nbsp;<\/p>\n<p><strong>Libre:<\/strong> Hinojo.<\/p>\n","protected":false},"excerpt":{"rendered":"<p>Las categor\u00edas juveniles le dieron continuidad al Torneo Apertura organizado por la Liga de F\u00fatbol de Olavarr\u00eda. En S\u00e9ptima, Estudiantes<\/p>\n","protected":false},"author":96739694,"featured_media":156266,"comment_status":"closed","ping_status":"closed","sticky":false,"template":"","format":"standard","meta":{"_jetpack_memberships_contains_paid_content":false,"footnotes":""},"categories":[35,40,1],"tags":[],"class_list":["post-137080","post","type-post","status-publish","format-standard","has-post-thumbnail","hentry","category-futbol","category-inferiores","category-portada"],"jetpack_featured_media_url":"https:\/\/i0.wp.com\/cdnoticias.com\/wp-content\/uploads\/2023\/07\/inf-lfo-3-1.jpeg?fit=1280%2C854&ssl=1","jetpack_sharing_enabled":true,"_links":{"self":[{"href":"https:\/\/cdnoticias.com\/index.php\/wp-json\/wp\/v2\/posts\/137080","targetHints":{"allow":["GET"]}}],"collection":[{"href":"https:\/\/cdnoticias.com\/index.php\/wp-json\/wp\/v2\/posts"}],"about":[{"href":"https:\/\/cdnoticias.com\/index.php\/wp-json\/wp\/v2\/types\/post"}],"author":[{"embeddable":true,"href":"https:\/\/cdnoticias.com\/index.php\/wp-json\/wp\/v2\/users\/96739694"}],"replies":[{"embeddable":true,"href":"https:\/\/cdnoticias.com\/index.php\/wp-json\/wp\/v2\/comments?post=137080"}],"version-history":[{"count":0,"href":"https:\/\/cdnoticias.com\/index.php\/wp-json\/wp\/v2\/posts\/137080\/revisions"}],"wp:featuredmedia":[{"embeddable":true,"href":"https:\/\/cdnoticias.com\/index.php\/wp-json\/wp\/v2\/media\/156266"}],"wp:attachment":[{"href":"https:\/\/cdnoticias.com\/index.php\/wp-json\/wp\/v2\/media?parent=137080"}],"wp:term":[{"taxonomy":"category","embeddable":true,"href":"https:\/\/cdnoticias.com\/index.php\/wp-json\/wp\/v2\/categories?post=137080"},{"taxonomy":"post_tag","embeddable":true,"href":"https:\/\/cdnoticias.com\/index.php\/wp-json\/wp\/v2\/tags?post=137080"}],"curies":[{"name":"wp","href":"https:\/\/api.w.org\/{rel}","templated":true}]}}