{"id":137076,"date":"2023-07-07T20:15:53","date_gmt":"2023-07-07T23:15:53","guid":{"rendered":"http:\/\/centraldeportes.com.ar\/?p=38313"},"modified":"2025-02-11T17:53:51","modified_gmt":"2025-02-11T20:53:51","slug":"fue-una-mezcla-de-sorpresa-y-satisfaccion-quiere-decir-que-interesa-el-futbol-de-olavarria","status":"publish","type":"post","link":"https:\/\/cdnoticias.com\/index.php\/2023\/07\/07\/fue-una-mezcla-de-sorpresa-y-satisfaccion-quiere-decir-que-interesa-el-futbol-de-olavarria\/","title":{"rendered":"\u201cFue una mezcla de sorpresa y satisfacci\u00f3n, quiere decir que interesa el f\u00fatbol de Olavarr\u00eda\u201d"},"content":{"rendered":"<p>Sostuvo Pablo Palahy una vez finalizada la hist\u00f3rica elecci\u00f3n en la Liga de F\u00fatbol de Olavarr\u00eda. \u201cLas expectativas son seguir mejorando y trabajar por los tres que votaron en contra\u201d, destac\u00f3 el dirigente reelecto.<!--more--><\/p>\n<hr \/>\n<p>Como nunca antes hab\u00eda sucedido en la entidad reguladora del f\u00fatbol olavarriense, <strong>el pasado mi\u00e9rcoles en la Asamblea General Ordinaria se llevaron a cabo las elecciones entre dos listas diferentes<\/strong> para la renovaci\u00f3n de la mesa directiva. Asimismo, el resultado <a href=\"http:\/\/centraldeportes.com.ar\/pablo-palahy-fue-reelecto-como-presidente-de-la-liga-de-futbol-de-olavarria\/\">arroj\u00f3 una amplia victoria del oficialismo<\/a> y <strong>decret\u00f3 la continuidad de Pablo Palahy al frente de la Liga de F\u00fatbol de Olavarr\u00eda<\/strong>.<\/p>\n<p>&nbsp;<\/p>\n<p>\u201c<em><strong>Nos tom\u00f3 de sorpresa porque no se hab\u00eda dado nunca<\/strong>\u201d, <\/em>manifest\u00f3 el tambi\u00e9n relator y agreg\u00f3 en continuidad: \u201c<em>Esta bueno, <strong>es sano que haya gente que tambi\u00e9n quiera estar en la Liga<\/strong> porque te hace pensar que por ah\u00ed algo est\u00e1s haciendo mal o simplemente para continuar lo que se viene haciendo\u201d.<\/em><\/p>\n<p>&nbsp;<\/p>\n<blockquote><p><em>\u201cFue una mezcla de sorpresa y satisfacci\u00f3n, quiere decir que interesa el f\u00fatbol de Olavarr\u00eda\u201d<\/em><\/p><\/blockquote>\n<p>&nbsp;<\/p>\n<p>En paralelo, Palahy se refiri\u00f3 al retorno de su compa\u00f1ero de f\u00f3rmula, Mario Patern\u00f3 y plante\u00f3 que \u201c<strong><em>Siempre fue parte de este grupo. Lo hablamos con los presidentes y de manera un\u00e1nime dijeron que s\u00ed<\/em><\/strong>\u201d. Adem\u00e1s, afirm\u00f3 que: \u201c<em>Mario tiene sus contactos en el Consejo Federal, pero <strong>el tema de tener peso es algo que se dice, est\u00e1 instalado<\/strong>. Lo que tenemos que hacer es jugar al f\u00fatbol y meter la pelota adentro del otro arco<\/em>\u201d, recalc\u00f3.<\/p>\n<p>&nbsp;<\/p>\n<p>Los delegados de la Divisional B tambi\u00e9n votaron, pero tuvieron que pasar por una instancia previa para poder expresarse. Palahy reconoci\u00f3 que: \u201c<em><strong>Hay cosas que tendremos que cambiar del estatuto<\/strong>. <strong>El voto de ellos ten\u00eda que estar quince d\u00edas antes, pero no hab\u00eda listas<\/strong><\/em>\u201d. Asimismo, el flamante presidente agreg\u00f3: \u201c<strong><em>Es por eso que primero se hizo una elecci\u00f3n previa antes de la Asamblea para designar un representante (Alfredo Gonz\u00e1lez)<\/em><\/strong>\u201d.<\/p>\n<p>&nbsp;<\/p>\n<blockquote><p>\u201c<em>Me parece que una mesa de cuatro integrantes es poco con el trabajo que hay que hacer. La Liga necesita m\u00e1s gente y la vamos a buscar<\/em>\u201d<\/p><\/blockquote>\n<p>&nbsp;<\/p>\n<p>Por \u00faltimo, en cuanto a las expectativas en el nuevo mandato, Palahy indic\u00f3 que: \u201c<strong><em>Son seguir mejorando y trabajar por los tres que votaron en contra. Somos de escuchar mucho a los presidentes cada vez que hay que hacer alg\u00fan tipo de cambio<\/em><\/strong>\u201d, finaliz\u00f3 el l\u00edder de la LFO.<\/p>\n","protected":false},"excerpt":{"rendered":"<p>Sostuvo Pablo Palahy una vez finalizada la hist\u00f3rica elecci\u00f3n en la Liga de F\u00fatbol de Olavarr\u00eda. \u201cLas expectativas son seguir<\/p>\n","protected":false},"author":96739694,"featured_media":156187,"comment_status":"closed","ping_status":"closed","sticky":false,"template":"","format":"standard","meta":{"_jetpack_memberships_contains_paid_content":false,"footnotes":""},"categories":[35,1,41],"tags":[],"class_list":["post-137076","post","type-post","status-publish","format-standard","has-post-thumbnail","hentry","category-futbol","category-portada","category-primera-y-reserva"],"jetpack_featured_media_url":"https:\/\/i0.wp.com\/cdnoticias.com\/wp-content\/uploads\/2023\/07\/Pablo-Palahy.jpeg?fit=1280%2C853&ssl=1","jetpack_sharing_enabled":true,"_links":{"self":[{"href":"https:\/\/cdnoticias.com\/index.php\/wp-json\/wp\/v2\/posts\/137076","targetHints":{"allow":["GET"]}}],"collection":[{"href":"https:\/\/cdnoticias.com\/index.php\/wp-json\/wp\/v2\/posts"}],"about":[{"href":"https:\/\/cdnoticias.com\/index.php\/wp-json\/wp\/v2\/types\/post"}],"author":[{"embeddable":true,"href":"https:\/\/cdnoticias.com\/index.php\/wp-json\/wp\/v2\/users\/96739694"}],"replies":[{"embeddable":true,"href":"https:\/\/cdnoticias.com\/index.php\/wp-json\/wp\/v2\/comments?post=137076"}],"version-history":[{"count":0,"href":"https:\/\/cdnoticias.com\/index.php\/wp-json\/wp\/v2\/posts\/137076\/revisions"}],"wp:featuredmedia":[{"embeddable":true,"href":"https:\/\/cdnoticias.com\/index.php\/wp-json\/wp\/v2\/media\/156187"}],"wp:attachment":[{"href":"https:\/\/cdnoticias.com\/index.php\/wp-json\/wp\/v2\/media?parent=137076"}],"wp:term":[{"taxonomy":"category","embeddable":true,"href":"https:\/\/cdnoticias.com\/index.php\/wp-json\/wp\/v2\/categories?post=137076"},{"taxonomy":"post_tag","embeddable":true,"href":"https:\/\/cdnoticias.com\/index.php\/wp-json\/wp\/v2\/tags?post=137076"}],"curies":[{"name":"wp","href":"https:\/\/api.w.org\/{rel}","templated":true}]}}