{"id":137071,"date":"2023-07-07T13:37:48","date_gmt":"2023-07-07T16:37:48","guid":{"rendered":"http:\/\/centraldeportes.com.ar\/?p=38296"},"modified":"2025-02-11T17:51:23","modified_gmt":"2025-02-11T20:51:23","slug":"billar-5-quillas-hubo-regionales-y-clasificados-al-torneo-provincial","status":"publish","type":"post","link":"https:\/\/cdnoticias.com\/index.php\/2023\/07\/07\/billar-5-quillas-hubo-regionales-y-clasificados-al-torneo-provincial\/","title":{"rendered":"Billar 5 Quillas: hubo Regionales y clasificados al Torneo Provincial"},"content":{"rendered":"<p>Omar Nicol\u00e1s Margonari, Jorge C\u00e9dola y V\u00edctor Hugo Di Marco lograron, el pasado fin de semana, asegurarse la participaci\u00f3n en los Torneos Provinciales de Billar 5 quillas.<!--more--><\/p>\n<hr \/>\n<p>Entre s\u00e1bado y domingo, en diferentes escenarios se llevaron a cabo los \u00faltimos regionales y fue con presencia olavarriense que se asegur\u00f3 seguir en competencia en la cita provincial del mes de setiembre pr\u00f3ximo.<\/p>\n<p>&nbsp;<\/p>\n<p>Primera Categor\u00eda se jug\u00f3 en el Club Espa\u00f1ol de 9 de Julio y fue ganado por el bol\u00edvarense Hugo Alberice, siendo Dar\u00edo Rodr\u00edguez el mejor olavarriense con el quinto puesto. Adem\u00e1s, Omar Nicol\u00e1s Margonari fue sexto, Jorge Cedola finaliz\u00f3 octavo y Leonardo Fiscella no pudo pasar el corte clasificatorio.<\/p>\n<p>&nbsp;<\/p>\n<p>En el Club Espa\u00f1ol de Olavarr\u00eda compiti\u00f3 la Segunda Categor\u00eda y fue triunfo para V\u00edctor Hugo Di Marco, mientras que en Henderson jug\u00f3 la tercera con la presencia de Juan Farana que se ubic\u00f3 en el octavo puesto.<\/p>\n<p>&nbsp;<\/p>\n<p>Con estos resultados lograron la clasificaci\u00f3n a los provinciales Omar Nicol\u00e1s Margonari y Jorge Cedola en Primera categor\u00eda y V\u00edctor Hugo Di Marco en Segunda.<\/p>\n<p>&nbsp;<\/p>\n<p>Segunda edici\u00f3n Copa Buenos Aires<\/p>\n<p>Desde el viernes 14 al domingo 16 de julio se llevar\u00e1 a cabo en el Club Unidos de Tandil la segunda edici\u00f3n de la Copa Buenos Aires, la primera se jug\u00f3 en Mar del Plata en el mes de junio donde Margonari se ubic\u00f3 entre los 8 mejores y Rodr\u00edguez entre los 16 mejores de la provincia, participan de este torneo todas las categor\u00edas desde Master a promocionales sin h\u00e1ndicap.<\/p>\n","protected":false},"excerpt":{"rendered":"<p>Omar Nicol\u00e1s Margonari, Jorge C\u00e9dola y V\u00edctor Hugo Di Marco lograron, el pasado fin de semana, asegurarse la participaci\u00f3n en<\/p>\n","protected":false},"author":96739694,"featured_media":156167,"comment_status":"closed","ping_status":"closed","sticky":false,"template":"","format":"standard","meta":{"_jetpack_memberships_contains_paid_content":false,"footnotes":""},"categories":[30,1],"tags":[],"class_list":["post-137071","post","type-post","status-publish","format-standard","has-post-thumbnail","hentry","category-polideportivo","category-portada"],"jetpack_featured_media_url":"https:\/\/i0.wp.com\/cdnoticias.com\/wp-content\/uploads\/2022\/03\/5quillas-1.png?fit=1280%2C853&ssl=1","jetpack_sharing_enabled":true,"_links":{"self":[{"href":"https:\/\/cdnoticias.com\/index.php\/wp-json\/wp\/v2\/posts\/137071","targetHints":{"allow":["GET"]}}],"collection":[{"href":"https:\/\/cdnoticias.com\/index.php\/wp-json\/wp\/v2\/posts"}],"about":[{"href":"https:\/\/cdnoticias.com\/index.php\/wp-json\/wp\/v2\/types\/post"}],"author":[{"embeddable":true,"href":"https:\/\/cdnoticias.com\/index.php\/wp-json\/wp\/v2\/users\/96739694"}],"replies":[{"embeddable":true,"href":"https:\/\/cdnoticias.com\/index.php\/wp-json\/wp\/v2\/comments?post=137071"}],"version-history":[{"count":0,"href":"https:\/\/cdnoticias.com\/index.php\/wp-json\/wp\/v2\/posts\/137071\/revisions"}],"wp:featuredmedia":[{"embeddable":true,"href":"https:\/\/cdnoticias.com\/index.php\/wp-json\/wp\/v2\/media\/156167"}],"wp:attachment":[{"href":"https:\/\/cdnoticias.com\/index.php\/wp-json\/wp\/v2\/media?parent=137071"}],"wp:term":[{"taxonomy":"category","embeddable":true,"href":"https:\/\/cdnoticias.com\/index.php\/wp-json\/wp\/v2\/categories?post=137071"},{"taxonomy":"post_tag","embeddable":true,"href":"https:\/\/cdnoticias.com\/index.php\/wp-json\/wp\/v2\/tags?post=137071"}],"curies":[{"name":"wp","href":"https:\/\/api.w.org\/{rel}","templated":true}]}}