{"id":137060,"date":"2023-07-05T21:55:25","date_gmt":"2023-07-06T00:55:25","guid":{"rendered":"http:\/\/centraldeportes.com.ar\/?p=38224"},"modified":"2025-02-11T17:51:48","modified_gmt":"2025-02-11T20:51:48","slug":"se-definio-horario-para-los-desquites-de-las-finales-y-vuelven-las-inferiores","status":"publish","type":"post","link":"https:\/\/cdnoticias.com\/index.php\/2023\/07\/05\/se-definio-horario-para-los-desquites-de-las-finales-y-vuelven-las-inferiores\/","title":{"rendered":"Se defini\u00f3 horario para los desquites de las Finales y vuelven las Inferiores"},"content":{"rendered":"<p>El pasado martes volvieron las reuniones semanales de la Asociaci\u00f3n de B\u00e1squet de Olavarr\u00eda y entre los temas principales de conversaci\u00f3n se defini\u00f3 el horario para los desquites de las Finales del Torneo Apertura.<!--more--><\/p>\n<hr \/>\n<p>El venidero domingo desde las 18:00 comenzar\u00e1 la fiesta de las finales del Torneo Apertura en el Parque Olavarr\u00eda, seg\u00fan se defini\u00f3 en las \u00faltimas horas en la reuni\u00f3n de delegados.<\/p>\n<p>&nbsp;<\/p>\n<p>La actividad dominical iniciar\u00e1 con el partido de Maxiliga y desde las 20:00, se jugar\u00e1 el cl\u00e1sico entre Racing y Estudiantes siendo el valor de las entradas el ya establecido de $500. Habr\u00e1 distinciones y un show de medio-tiempo.<\/p>\n<p>&nbsp;<\/p>\n<p>Por otro lado, y tras dos fines de semana de representantes olavarrienses present\u00e1ndose en la Liga Federal Formativa, vuelve el Torneo Oficial con partidos desde este mi\u00e9rcoles hasta el pr\u00f3ximo s\u00e1bado en diferentes escenarios y en Femenino, comenzar\u00e1n las definiciones del Torneo Apertura en el recinto \u201cCarbonero\u201d.<\/p>\n<p>&nbsp;<\/p>\n<p>Adem\u00e1s, la reuni\u00f3n que estuvo encabezada por Gerardo Barrera sirvi\u00f3 para dar a conocer las novedades del encuentro que sostuvieron el mandam\u00e1s local y Fabi\u00e1n Borro que ocurri\u00f3 d\u00edas atr\u00e1s y entre los temas tratados se dio a conocer la situaci\u00f3n de la Federaci\u00f3n de B\u00e1squet de la Provincia de Buenos Aires que, tras ser intervenida por irregularidades varias, est\u00e1 en condiciones de volver a funcionar.<\/p>\n","protected":false},"excerpt":{"rendered":"<p>El pasado martes volvieron las reuniones semanales de la Asociaci\u00f3n de B\u00e1squet de Olavarr\u00eda y entre los temas principales de<\/p>\n","protected":false},"author":96739694,"featured_media":156192,"comment_status":"closed","ping_status":"closed","sticky":false,"template":"","format":"standard","meta":{"_jetpack_memberships_contains_paid_content":false,"footnotes":""},"categories":[31,1,43],"tags":[],"class_list":["post-137060","post","type-post","status-publish","format-standard","has-post-thumbnail","hentry","category-basquet","category-portada","category-primera"],"jetpack_featured_media_url":"https:\/\/i0.wp.com\/cdnoticias.com\/wp-content\/uploads\/2023\/07\/cae-rac-20.jpeg?fit=1500%2C1000&ssl=1","jetpack_sharing_enabled":true,"_links":{"self":[{"href":"https:\/\/cdnoticias.com\/index.php\/wp-json\/wp\/v2\/posts\/137060","targetHints":{"allow":["GET"]}}],"collection":[{"href":"https:\/\/cdnoticias.com\/index.php\/wp-json\/wp\/v2\/posts"}],"about":[{"href":"https:\/\/cdnoticias.com\/index.php\/wp-json\/wp\/v2\/types\/post"}],"author":[{"embeddable":true,"href":"https:\/\/cdnoticias.com\/index.php\/wp-json\/wp\/v2\/users\/96739694"}],"replies":[{"embeddable":true,"href":"https:\/\/cdnoticias.com\/index.php\/wp-json\/wp\/v2\/comments?post=137060"}],"version-history":[{"count":0,"href":"https:\/\/cdnoticias.com\/index.php\/wp-json\/wp\/v2\/posts\/137060\/revisions"}],"wp:featuredmedia":[{"embeddable":true,"href":"https:\/\/cdnoticias.com\/index.php\/wp-json\/wp\/v2\/media\/156192"}],"wp:attachment":[{"href":"https:\/\/cdnoticias.com\/index.php\/wp-json\/wp\/v2\/media?parent=137060"}],"wp:term":[{"taxonomy":"category","embeddable":true,"href":"https:\/\/cdnoticias.com\/index.php\/wp-json\/wp\/v2\/categories?post=137060"},{"taxonomy":"post_tag","embeddable":true,"href":"https:\/\/cdnoticias.com\/index.php\/wp-json\/wp\/v2\/tags?post=137060"}],"curies":[{"name":"wp","href":"https:\/\/api.w.org\/{rel}","templated":true}]}}