{"id":137058,"date":"2023-07-05T15:18:13","date_gmt":"2023-07-05T18:18:13","guid":{"rendered":"http:\/\/centraldeportes.com.ar\/?p=38215"},"modified":"2025-02-11T17:51:56","modified_gmt":"2025-02-11T20:51:56","slug":"arrancan-las-definiciones-del-torneo-proyeccion","status":"publish","type":"post","link":"https:\/\/cdnoticias.com\/index.php\/2023\/07\/05\/arrancan-las-definiciones-del-torneo-proyeccion\/","title":{"rendered":"Arrancan las definiciones del Torneo Proyecci\u00f3n"},"content":{"rendered":"<p>Durante el transcurso de los pr\u00f3ximos d\u00edas llegar\u00e1 la definici\u00f3n de la primera edici\u00f3n del Torneo Proyecci\u00f3n de F\u00fatbol, un certamen impulsado desde la Subsecretar\u00eda de Deportes.<!--more--><\/p>\n<hr \/>\n<p>La competencia que tiene como fin que los chicos que se incorporan a las divisiones formativas de los clubes locales tengan la oportunidad de participar activamente de un torneo est\u00e1 pr\u00f3xima a llegar a su fin y se conocieron los equipos ya clasificados.<\/p>\n<p>&nbsp;<\/p>\n<p>La iniciativa gestada desde la Subsecretar\u00eda de Deportes, a trav\u00e9s de la Direcci\u00f3n de Gesti\u00f3n Deportiva, y con el acompa\u00f1amiento de los clubes nucleados en la Liga de F\u00fatbol de Olavarr\u00eda tambi\u00e9n cuenta con la participaci\u00f3n de un equipo integrado por chicos integran el Programa Municipal de F\u00fatbol Barrial, representando a la Subsecretar\u00eda de Deportes Municipal.<\/p>\n<p>&nbsp;<\/p>\n<p>Tal es as\u00ed que, adem\u00e1s del conjunto interbarrial, tambi\u00e9n participan equipos de Estudiantes, Racing, El Fort\u00edn, Ferro y Embajadores. En la presente semana se terminar\u00e1n de conocer qui\u00e9nes protagonizar\u00e1n las semifinales.<\/p>\n<p>&nbsp;<\/p>\n<p>En Novena Divisi\u00f3n ya est\u00e1n clasificados Racing y Embajadores, quienes quedaron primero y segundo respectivamente en la tabla y sus rivales se conocer\u00e1n luego de los cruces entre Estudiantes vs. El Fort\u00edn y Deportes vs. Ferro. Racing jugar\u00e1 ante el ganador del primer partido, mientras que Embajadores har\u00e1 lo propio con el restante.<\/p>\n<p>&nbsp;<\/p>\n<p>En D\u00e9cima divisi\u00f3n ya lograron su pase a semifinales Racing, Embajadores y Estudiantes. El equipo restante, y contra quien se enfrentar\u00e1 Racing, se conocer\u00e1 luego del partido entre Ferro y El Fort\u00edn.<\/p>\n<p>&nbsp;<\/p>\n<p>El objetivo es que ambas categor\u00edas se definan de manera previa a las vacaciones de invierno.<\/p>\n<p>&nbsp;<\/p>\n<p>Se recuerda, por \u00faltimo, que el Torneo Proyecci\u00f3n est\u00e1 destinado a chicos de entre 10 y 13 a\u00f1os, una edad en la que se da el pase de las denominadas \u201cescuelitas de f\u00fatbol\u201d a las categor\u00edas formativas o inferiores, un proceso que suele ser dif\u00edcil en muchos chicos, generando que algunos de ellos abandonen la pr\u00e1ctica, con todo lo que ello implica no s\u00f3lo en lo deportivo, sino tambi\u00e9n en lo social y desarrollo de valores.<\/p>\n<p>&nbsp;<\/p>\n<p>El objetivo es dar una respuesta a esta situaci\u00f3n, acompa\u00f1ar a los chicos por m\u00e1s tiempo en su proceso de formaci\u00f3n (futbol\u00edstica y personal) respetando sus tiempos, acompa\u00f1ar y revalorizar la tarea cotidiana del club y potenciar la competencia (de acuerdo a las posibilidades de cada uno).<\/p>\n","protected":false},"excerpt":{"rendered":"<p>Durante el transcurso de los pr\u00f3ximos d\u00edas llegar\u00e1 la definici\u00f3n de la primera edici\u00f3n del Torneo Proyecci\u00f3n de F\u00fatbol, un<\/p>\n","protected":false},"author":96739694,"featured_media":156198,"comment_status":"closed","ping_status":"closed","sticky":false,"template":"","format":"standard","meta":{"_jetpack_memberships_contains_paid_content":false,"footnotes":""},"categories":[35,40,1],"tags":[],"class_list":["post-137058","post","type-post","status-publish","format-standard","has-post-thumbnail","hentry","category-futbol","category-inferiores","category-portada"],"jetpack_featured_media_url":"https:\/\/i0.wp.com\/cdnoticias.com\/wp-content\/uploads\/2023\/05\/proyeccion-1.jpg?fit=1280%2C853&ssl=1","jetpack_sharing_enabled":true,"_links":{"self":[{"href":"https:\/\/cdnoticias.com\/index.php\/wp-json\/wp\/v2\/posts\/137058","targetHints":{"allow":["GET"]}}],"collection":[{"href":"https:\/\/cdnoticias.com\/index.php\/wp-json\/wp\/v2\/posts"}],"about":[{"href":"https:\/\/cdnoticias.com\/index.php\/wp-json\/wp\/v2\/types\/post"}],"author":[{"embeddable":true,"href":"https:\/\/cdnoticias.com\/index.php\/wp-json\/wp\/v2\/users\/96739694"}],"replies":[{"embeddable":true,"href":"https:\/\/cdnoticias.com\/index.php\/wp-json\/wp\/v2\/comments?post=137058"}],"version-history":[{"count":0,"href":"https:\/\/cdnoticias.com\/index.php\/wp-json\/wp\/v2\/posts\/137058\/revisions"}],"wp:featuredmedia":[{"embeddable":true,"href":"https:\/\/cdnoticias.com\/index.php\/wp-json\/wp\/v2\/media\/156198"}],"wp:attachment":[{"href":"https:\/\/cdnoticias.com\/index.php\/wp-json\/wp\/v2\/media?parent=137058"}],"wp:term":[{"taxonomy":"category","embeddable":true,"href":"https:\/\/cdnoticias.com\/index.php\/wp-json\/wp\/v2\/categories?post=137058"},{"taxonomy":"post_tag","embeddable":true,"href":"https:\/\/cdnoticias.com\/index.php\/wp-json\/wp\/v2\/tags?post=137058"}],"curies":[{"name":"wp","href":"https:\/\/api.w.org\/{rel}","templated":true}]}}