{"id":137056,"date":"2023-07-04T19:52:07","date_gmt":"2023-07-04T22:52:07","guid":{"rendered":"http:\/\/centraldeportes.com.ar\/?p=38205"},"modified":"2025-02-11T17:51:58","modified_gmt":"2025-02-11T20:51:58","slug":"el-federal-a-inicio-la-segunda-mitad-del-torneo-con-nuevo-cruce-entre-representantes-locales","status":"publish","type":"post","link":"https:\/\/cdnoticias.com\/index.php\/2023\/07\/04\/el-federal-a-inicio-la-segunda-mitad-del-torneo-con-nuevo-cruce-entre-representantes-locales\/","title":{"rendered":"El Federal A inici\u00f3 la segunda mitad del torneo con nuevo cruce entre representantes locales"},"content":{"rendered":"<p>Fue en el choque entre Santamarina y Sansinena por la 19\u00b0 fecha del campeonato. Adem\u00e1s del duelo en Tandil, la jornada cont\u00f3 con la participaci\u00f3n de otros cuatro olavarrienses. \u00a0<!--more--><\/p>\n<hr \/>\n<p>Con la mayor\u00eda de los cruces disputados el pasado domingo, <strong>el Torneo Federal A arranc\u00f3 la segunda parte del campeonato y tach\u00f3 la 19\u00b0 fecha del calendario<\/strong>. La jornada cont\u00f3 con nutrida presencia de representantes olavarrienses y cinco de ellos lo hicieron en el once titular.<\/p>\n<p>&nbsp;<\/p>\n<p>Bajo la lluvia y un complicado terreno de juego del Municipal \u201cGeneral San Mart\u00edn\u201d, Santamarina no se sac\u00f3 diferencias con Sansinena e igual\u00f3 0 a 0. <strong>Quimey Mar\u00edn estuvo desde el arranque en el \u201cSanta\u201d y jug\u00f3 hasta los 33\u2019 del segundo tiempo<\/strong>, ya que luego lo reemplaz\u00f3 Enzo Galabert. <strong>En el conjunto de General Cerri, los defensores Facundo Wiechniak y Leonardo Vitale tambi\u00e9n fueron titulares y completaron los 90\u2019<\/strong> minutos del cotejo perteneciente a la Zona A.<\/p>\n<p>&nbsp;<\/p>\n<p>Por el mismo grupo, el que volvi\u00f3 a festejar luego de tres partidos fue Olimpo en tierras patag\u00f3nicas. Los dirigidos por Arnaldo Sialle le ganaron a domicilio 2 a 0 a Germinal de Rawson y contin\u00faan siendo los \u00fanicos l\u00edderes. <strong>Nadir Hadad estuvo en el banco de suplentes, pero a los 28\u2019 de la etapa complementario ingres\u00f3 a la acci\u00f3n en lugar de Claudio Cevasco<\/strong>.<\/p>\n<p>&nbsp;<\/p>\n<p>No corri\u00f3 la misma suerte C\u00edrculo Deportivo por los pagos sure\u00f1os. <strong>Con Diego San Juli\u00e1n desde el arranque, el \u201cPapero\u201d cay\u00f3 2 a 0 frente a Cipolletti en La Visera de Cemento<\/strong> <strong>y sigue \u00faltimo<\/strong>. El ex Ferro Carril Sud jug\u00f3 hasta los 55\u2019 y luego fue sustituido por Joaqu\u00edn Rinkemberg.<\/p>\n<p>&nbsp;<\/p>\n<p>Por la Zona B, Ciudad de Bol\u00edvar pis\u00f3 terreno en El Coliseo de Estudiantes de San Luis y perdi\u00f3 nuevamente por 1 a 0 con <strong>Alfredo Troncoso<\/strong> entre los suplentes. No obstante, <strong>el atacante tuvo oportunidad en la segunda mitad y ocup\u00f3 el lugar de Brian Duarte<\/strong>. Por otro lado, <strong>el equipo de \u201cNico\u201d Serantes (AC) y el \u201cprofe\u201d Mat\u00edas Gonz\u00e1lez, Juventud Unida, empat\u00f3 el lunes 0 a 0 con Atenas de R\u00edo Cuarto<\/strong>.<\/p>\n<p>&nbsp;<\/p>\n<figure id=\"attachment_38207\" aria-describedby=\"caption-attachment-38207\" style=\"width: 800px\" class=\"wp-caption aligncenter\"><img data-recalc-dims=\"1\" loading=\"lazy\" decoding=\"async\" class=\"wp-image-38207 size-large\" src=\"https:\/\/i0.wp.com\/centraldeportes.com.ar\/wp-content\/uploads\/2023\/07\/Agust%C3%ADn-Osinaga-19%C2%B0-fecha-Federal-A-Douglas-1024x651.jpg?resize=800%2C509\" alt=\"\" width=\"800\" height=\"509\" \/><figcaption id=\"caption-attachment-38207\" class=\"wp-caption-text\">Cr\u00e9dito: Hugo Marina \/\/ Douglas Haig<\/figcaption><\/figure>\n<p>&nbsp;<\/p>\n<p>El mandam\u00e1s de la Zona C gole\u00f3 en Pergamino, cosech\u00f3 su sexto festejo en cadena y le sac\u00f3 12 puntos de diferencia a sus perseguidores. <strong>Con la participaci\u00f3n de Agust\u00edn Osinaga en la zaga central, Douglas Haig se hizo fuerte en su casa y derrot\u00f3 3 a 0 a Sportivo Las Parejas<\/strong>. El defensor olavarriense disput\u00f3 todo el partido.<\/p>\n<p>&nbsp;<\/p>\n<p><em><strong>Foto: Prensa Club Santamarina.<\/strong><\/em><\/p>\n","protected":false},"excerpt":{"rendered":"<p>Fue en el choque entre Santamarina y Sansinena por la 19\u00b0 fecha del campeonato. Adem\u00e1s del duelo en Tandil, la<\/p>\n","protected":false},"author":96739694,"featured_media":156203,"comment_status":"closed","ping_status":"closed","sticky":false,"template":"","format":"standard","meta":{"_jetpack_memberships_contains_paid_content":false,"footnotes":""},"categories":[35,37,1],"tags":[],"class_list":["post-137056","post","type-post","status-publish","format-standard","has-post-thumbnail","hentry","category-futbol","category-futbol-profesional","category-portada"],"jetpack_featured_media_url":"https:\/\/i0.wp.com\/cdnoticias.com\/wp-content\/uploads\/2023\/07\/19%C2%B0-fecha-Federal-A-Quimey-Mar%C3%ADn-Santamarina.jpeg?fit=1600%2C1066&ssl=1","jetpack_sharing_enabled":true,"_links":{"self":[{"href":"https:\/\/cdnoticias.com\/index.php\/wp-json\/wp\/v2\/posts\/137056","targetHints":{"allow":["GET"]}}],"collection":[{"href":"https:\/\/cdnoticias.com\/index.php\/wp-json\/wp\/v2\/posts"}],"about":[{"href":"https:\/\/cdnoticias.com\/index.php\/wp-json\/wp\/v2\/types\/post"}],"author":[{"embeddable":true,"href":"https:\/\/cdnoticias.com\/index.php\/wp-json\/wp\/v2\/users\/96739694"}],"replies":[{"embeddable":true,"href":"https:\/\/cdnoticias.com\/index.php\/wp-json\/wp\/v2\/comments?post=137056"}],"version-history":[{"count":0,"href":"https:\/\/cdnoticias.com\/index.php\/wp-json\/wp\/v2\/posts\/137056\/revisions"}],"wp:featuredmedia":[{"embeddable":true,"href":"https:\/\/cdnoticias.com\/index.php\/wp-json\/wp\/v2\/media\/156203"}],"wp:attachment":[{"href":"https:\/\/cdnoticias.com\/index.php\/wp-json\/wp\/v2\/media?parent=137056"}],"wp:term":[{"taxonomy":"category","embeddable":true,"href":"https:\/\/cdnoticias.com\/index.php\/wp-json\/wp\/v2\/categories?post=137056"},{"taxonomy":"post_tag","embeddable":true,"href":"https:\/\/cdnoticias.com\/index.php\/wp-json\/wp\/v2\/tags?post=137056"}],"curies":[{"name":"wp","href":"https:\/\/api.w.org\/{rel}","templated":true}]}}