{"id":137052,"date":"2023-07-04T16:39:53","date_gmt":"2023-07-04T19:39:53","guid":{"rendered":"http:\/\/centraldeportes.com.ar\/?p=38189"},"modified":"2025-02-11T17:52:05","modified_gmt":"2025-02-11T20:52:05","slug":"primera-division-pepo-fue-figura-y-salle-volvio-a-ser-convocado","status":"publish","type":"post","link":"https:\/\/cdnoticias.com\/index.php\/2023\/07\/04\/primera-division-pepo-fue-figura-y-salle-volvio-a-ser-convocado\/","title":{"rendered":"Primera Divisi\u00f3n: \u201cPepo\u201d fue figura y Salle volvi\u00f3 a ser convocado"},"content":{"rendered":"<p>La m\u00e1xima categor\u00eda del f\u00fatbol argentino finaliz\u00f3 la 22\u00b0 fecha de la Liga Profesional y fue con la presencia de cinco representantes de nuestra ciudad.<!--more--><\/p>\n<hr \/>\n<p>Pas\u00f3 otra jornada en la \u00e9lite del futbol nacional, que ya entr\u00f3 en la recta final de la definici\u00f3n. En la noche del pasado lunes, se cerr\u00f3 la <strong>22\u00b0 cita de la Liga Profesional<\/strong> y durante su transcurso <strong>cinco olavarrienses estuvieron presentes<\/strong> en los compromisos de sus respectivos clubes.<\/p>\n<p>&nbsp;<\/p>\n<p>El viernes,<strong> Lan\u00fas abri\u00f3 la fecha con triunfo y se destac\u00f3 Pedro De la Vega<\/strong>. El \u201cGranate\u201d venci\u00f3 a domicilio 1 a 0 a Platense con asistencia de \u201cPepo\u201d y sum\u00f3 su s\u00e9ptimo partido sin derrotas. <strong>El ex Ferro fue la figura del encuentro y jug\u00f3 hasta los 92\u2019 ya que luego sali\u00f3 reemplazado por Franco Orozco<\/strong>.<\/p>\n<p>&nbsp;<\/p>\n<p>Durante la misma jornada, V\u00e9lez encontr\u00f3 un poco de alivio en el Jos\u00e9 Amalfitani al vencer 1 a 0 al \u00faltimo de la tabla, Arsenal. <strong>Lucas Janson inici\u00f3 el duelo como titular y a los 66\u2019 fue sustituido por Santiago Castro, el autor del gol<\/strong>.<\/p>\n<p>&nbsp;<\/p>\n<p>Tambi\u00e9n hubo festejo para Atl\u00e9tico Tucum\u00e1n en el Monumental Jos\u00e9 Fierro. <strong>El \u201cDecano\u201d tucumano recibi\u00f3 a Uni\u00f3n de Santa Fe y lo derrot\u00f3 por a 1 a 0 con la presencia de Braian Guille en el banco de suplentes<\/strong>. El volante ofensivo no tuvo minutos.<\/p>\n<p>&nbsp;<\/p>\n<p><strong>Tampoco tuvo actividad Braian Salvareschi<\/strong>, quien ocup\u00f3 un cupo entre las variantes del \u201cTomba\u201d. Luego de la clasificaci\u00f3n obtenida durante la semana en Copa Argentina donde el defensor olavarriense fue titular, Godoy Cruz\u00a0 empat\u00f3 el s\u00e1bado 1 a 1 contra Talleres de C\u00f3rdoba en el Mario Alberto Kempes.<\/p>\n<p>&nbsp;<\/p>\n<p>Otra de las novedades de la jornada fue el <strong>regreso de Santiago Salle a la Primera de Independiente, que venci\u00f3 1 a 0 a Hurac\u00e1n en condici\u00f3n de local<\/strong>. Incluso el juvenil surgido en Embajadores tuvo minutos e ingres\u00f3 a los 89\u2019 en lugar de Luciano G\u00f3mez.<\/p>\n<p>&nbsp;<\/p>\n<p><em><strong>Foto: Club Lan\u00fas Oficial.<\/strong><\/em><\/p>\n","protected":false},"excerpt":{"rendered":"<p>La m\u00e1xima categor\u00eda del f\u00fatbol argentino finaliz\u00f3 la 22\u00b0 fecha de la Liga Profesional y fue con la presencia de<\/p>\n","protected":false},"author":96739694,"featured_media":156212,"comment_status":"closed","ping_status":"closed","sticky":false,"template":"","format":"standard","meta":{"_jetpack_memberships_contains_paid_content":false,"footnotes":""},"categories":[35,37,1],"tags":[],"class_list":["post-137052","post","type-post","status-publish","format-standard","has-post-thumbnail","hentry","category-futbol","category-futbol-profesional","category-portada"],"jetpack_featured_media_url":"https:\/\/i0.wp.com\/cdnoticias.com\/wp-content\/uploads\/2023\/07\/Pedro-De-la-Vega-Fecha-22%C2%B0-LPF-Lan%C3%BAs.jpg?fit=1500%2C843&ssl=1","jetpack_sharing_enabled":true,"_links":{"self":[{"href":"https:\/\/cdnoticias.com\/index.php\/wp-json\/wp\/v2\/posts\/137052","targetHints":{"allow":["GET"]}}],"collection":[{"href":"https:\/\/cdnoticias.com\/index.php\/wp-json\/wp\/v2\/posts"}],"about":[{"href":"https:\/\/cdnoticias.com\/index.php\/wp-json\/wp\/v2\/types\/post"}],"author":[{"embeddable":true,"href":"https:\/\/cdnoticias.com\/index.php\/wp-json\/wp\/v2\/users\/96739694"}],"replies":[{"embeddable":true,"href":"https:\/\/cdnoticias.com\/index.php\/wp-json\/wp\/v2\/comments?post=137052"}],"version-history":[{"count":0,"href":"https:\/\/cdnoticias.com\/index.php\/wp-json\/wp\/v2\/posts\/137052\/revisions"}],"wp:featuredmedia":[{"embeddable":true,"href":"https:\/\/cdnoticias.com\/index.php\/wp-json\/wp\/v2\/media\/156212"}],"wp:attachment":[{"href":"https:\/\/cdnoticias.com\/index.php\/wp-json\/wp\/v2\/media?parent=137052"}],"wp:term":[{"taxonomy":"category","embeddable":true,"href":"https:\/\/cdnoticias.com\/index.php\/wp-json\/wp\/v2\/categories?post=137052"},{"taxonomy":"post_tag","embeddable":true,"href":"https:\/\/cdnoticias.com\/index.php\/wp-json\/wp\/v2\/tags?post=137052"}],"curies":[{"name":"wp","href":"https:\/\/api.w.org\/{rel}","templated":true}]}}