{"id":137050,"date":"2023-07-03T20:06:03","date_gmt":"2023-07-03T23:06:03","guid":{"rendered":"http:\/\/centraldeportes.com.ar\/?p=38174"},"modified":"2025-02-11T17:52:12","modified_gmt":"2025-02-11T20:52:12","slug":"estudiantes-participo-de-un-encuentro-de-voley-en-coronel-vidal","status":"publish","type":"post","link":"https:\/\/cdnoticias.com\/index.php\/2023\/07\/03\/estudiantes-participo-de-un-encuentro-de-voley-en-coronel-vidal\/","title":{"rendered":"Estudiantes particip\u00f3 de un encuentro de v\u00f3ley en Coronel Vidal"},"content":{"rendered":"<p>El pasado fin de semana se realiz\u00f3 un encuentro de v\u00f3ley en Vida y Estudiantes dijo presente con varias jugadoras.<br \/>\n<!--more--><\/p>\n<hr \/>\n<p>Una delegaci\u00f3n de jugadoras de Estudiantes de las categor\u00edas Sub12 y Sub13 participaron de un fin de semana de v\u00f3ley en Coronel Vidal.<\/p>\n<p>&nbsp;<\/p>\n<p>Hubo partidos entre s\u00e1bado y domingo en diferentes escenarios y para muchas fue la primera experiencia oficial y saliendo de casa para competir.<\/p>\n<p>&nbsp;<\/p>\n<p>Fuente: Prensa CAE<\/p>\n","protected":false},"excerpt":{"rendered":"<p>El pasado fin de semana se realiz\u00f3 un encuentro de v\u00f3ley en Vida y Estudiantes dijo presente con varias jugadoras.<\/p>\n","protected":false},"author":96739694,"featured_media":156220,"comment_status":"closed","ping_status":"closed","sticky":false,"template":"","format":"standard","meta":{"_jetpack_memberships_contains_paid_content":false,"footnotes":""},"categories":[30,1],"tags":[],"class_list":["post-137050","post","type-post","status-publish","format-standard","has-post-thumbnail","hentry","category-polideportivo","category-portada"],"jetpack_featured_media_url":"https:\/\/i0.wp.com\/cdnoticias.com\/wp-content\/uploads\/2023\/07\/357102053_754467670017260_5025727419854365410_n-1-e1688425554747.jpg?fit=2048%2C1208&ssl=1","jetpack_sharing_enabled":true,"_links":{"self":[{"href":"https:\/\/cdnoticias.com\/index.php\/wp-json\/wp\/v2\/posts\/137050","targetHints":{"allow":["GET"]}}],"collection":[{"href":"https:\/\/cdnoticias.com\/index.php\/wp-json\/wp\/v2\/posts"}],"about":[{"href":"https:\/\/cdnoticias.com\/index.php\/wp-json\/wp\/v2\/types\/post"}],"author":[{"embeddable":true,"href":"https:\/\/cdnoticias.com\/index.php\/wp-json\/wp\/v2\/users\/96739694"}],"replies":[{"embeddable":true,"href":"https:\/\/cdnoticias.com\/index.php\/wp-json\/wp\/v2\/comments?post=137050"}],"version-history":[{"count":0,"href":"https:\/\/cdnoticias.com\/index.php\/wp-json\/wp\/v2\/posts\/137050\/revisions"}],"wp:featuredmedia":[{"embeddable":true,"href":"https:\/\/cdnoticias.com\/index.php\/wp-json\/wp\/v2\/media\/156220"}],"wp:attachment":[{"href":"https:\/\/cdnoticias.com\/index.php\/wp-json\/wp\/v2\/media?parent=137050"}],"wp:term":[{"taxonomy":"category","embeddable":true,"href":"https:\/\/cdnoticias.com\/index.php\/wp-json\/wp\/v2\/categories?post=137050"},{"taxonomy":"post_tag","embeddable":true,"href":"https:\/\/cdnoticias.com\/index.php\/wp-json\/wp\/v2\/tags?post=137050"}],"curies":[{"name":"wp","href":"https:\/\/api.w.org\/{rel}","templated":true}]}}