{"id":137049,"date":"2023-07-03T19:22:30","date_gmt":"2023-07-03T22:22:30","guid":{"rendered":"http:\/\/centraldeportes.com.ar\/?p=38169"},"modified":"2025-02-11T17:49:40","modified_gmt":"2025-02-11T20:49:40","slug":"tras-la-suspension-la-pelota-volvio-a-rodar-en-colonias-y-cerros","status":"publish","type":"post","link":"https:\/\/cdnoticias.com\/index.php\/2023\/07\/03\/tras-la-suspension-la-pelota-volvio-a-rodar-en-colonias-y-cerros\/","title":{"rendered":"Tras la suspensi\u00f3n, la pelota volvi\u00f3 a rodar en Colonias y Cerros"},"content":{"rendered":"<p>La liga de f\u00fatbol amateur m\u00e1s convocante de Olavarr\u00eda retom\u00f3 las actividades el s\u00e1bado con acci\u00f3n en categor\u00eda Libre y +35.<!--more--><\/p>\n<hr \/>\n<p>Tras la interrupci\u00f3n de la jornada el fin de semana pasado por las lluvias y el mal estado de los campos de juego, los equipos protagonistas de <strong>Colonias y Cerros<\/strong> regresaron a la acci\u00f3n con varios partidos.<\/p>\n<p>&nbsp;<\/p>\n<p>Por un lado, las <strong>Zonas A y B de la categor\u00eda libre celebraron la 17\u00b0 fecha del campeonato<\/strong> y se destac\u00f3 el triunfo de Bataraz sobre el puntero, La Estancia.<\/p>\n<p>&nbsp;<\/p>\n<p><strong>En +35 se jug\u00f3 la 16\u00b0 fecha<\/strong> y si bien El Fort\u00edn igual\u00f3 con Racing, contin\u00faa como \u00fanico l\u00edder en la tabla de posiciones.<\/p>\n<p>&nbsp;<\/p>\n<p><img data-recalc-dims=\"1\" loading=\"lazy\" decoding=\"async\" class=\"aligncenter size-large wp-image-38171\" src=\"https:\/\/i0.wp.com\/centraldeportes.com.ar\/wp-content\/uploads\/2023\/07\/Colonias-y-Cerros-03-07-e1688422880415-1024x642.jpeg?resize=800%2C502\" alt=\"\" width=\"800\" height=\"502\" \/><\/p>\n<p>&nbsp;<\/p>\n<h6><strong>Resultados:<\/strong><\/h6>\n<p>&nbsp;<\/p>\n<h6><strong>Libre:<\/strong><\/h6>\n<h6>Zona A<\/h6>\n<p>Mitre <strong>1 \u2013 0<\/strong> Soeco<\/p>\n<p>Bataraz <strong>2 \u2013 0<\/strong> La Estancia<\/p>\n<p>Luz y Fuerza <strong>3 \u2013 1<\/strong> Quilmes<\/p>\n<p>Nicol\u00e1s Avellaneda<strong> 3 \u2013 3<\/strong> Sierra Chica<\/p>\n<p>Ingenier\u00eda <strong>3 \u2013 1<\/strong> Amparo Castro<\/p>\n<p>&nbsp;<\/p>\n<h6>Zona B<\/h6>\n<p>Viejo Atl\u00e9tico <strong>1 \u2013 4<\/strong> Burbuja 78<\/p>\n<p>La Churra <strong>4 \u2013 2<\/strong> Juventud Antoniana<\/p>\n<p>Santa \u00c1gueda <strong>5 \u2013 1<\/strong> Atlanta<\/p>\n<p>Independiente <strong>2 \u2013 0<\/strong> Pe\u00f1a de Boca<\/p>\n<p>Villa Mi Serran\u00eda <strong>0 \u2013 0<\/strong> Mariano Moreno<\/p>\n<p>Juventud <strong>4 \u2013 3<\/strong> Juvenil 79<\/p>\n<p>&nbsp;<\/p>\n<h6><strong>+35:<\/strong><\/h6>\n<p>El Fort\u00edn <strong>1 \u2013 1<\/strong> Racing<\/p>\n<p>Agro San Jos\u00e9 <strong>1 \u2013 1<\/strong> Municipales<\/p>\n<p>Amparo Castro <strong>2 \u2013 1<\/strong> Santa \u00c1gueda<\/p>\n<p>Le\u00f3n Serrano <strong>4 \u2013 0<\/strong> La Academia<\/p>\n<p>Hinojo <strong>1 \u2013 1<\/strong> Independiente (Colonia San Miguel)<\/p>\n<p>Dale Que Va <strong>4 \u2013 1<\/strong> Hauswagen<\/p>\n<p>Club De Amigos <strong>3 \u2013 1<\/strong> Mariano Moreno<\/p>\n<p>&nbsp;<\/p>\n<p><em><strong>Fuente: Prensa CyC.<\/strong><\/em><\/p>\n","protected":false},"excerpt":{"rendered":"<p>La liga de f\u00fatbol amateur m\u00e1s convocante de Olavarr\u00eda retom\u00f3 las actividades el s\u00e1bado con acci\u00f3n en categor\u00eda Libre y<\/p>\n","protected":false},"author":96739694,"featured_media":156098,"comment_status":"closed","ping_status":"closed","sticky":false,"template":"","format":"standard","meta":{"_jetpack_memberships_contains_paid_content":false,"footnotes":""},"categories":[45,35,1],"tags":[],"class_list":["post-137049","post","type-post","status-publish","format-standard","has-post-thumbnail","hentry","category-colonias-y-cerros","category-futbol","category-portada"],"jetpack_featured_media_url":"https:\/\/i0.wp.com\/cdnoticias.com\/wp-content\/uploads\/2023\/07\/Bataraz-Colonias-y-Cerros-e1688422820727.jpeg?fit=1080%2C720&ssl=1","jetpack_sharing_enabled":true,"_links":{"self":[{"href":"https:\/\/cdnoticias.com\/index.php\/wp-json\/wp\/v2\/posts\/137049","targetHints":{"allow":["GET"]}}],"collection":[{"href":"https:\/\/cdnoticias.com\/index.php\/wp-json\/wp\/v2\/posts"}],"about":[{"href":"https:\/\/cdnoticias.com\/index.php\/wp-json\/wp\/v2\/types\/post"}],"author":[{"embeddable":true,"href":"https:\/\/cdnoticias.com\/index.php\/wp-json\/wp\/v2\/users\/96739694"}],"replies":[{"embeddable":true,"href":"https:\/\/cdnoticias.com\/index.php\/wp-json\/wp\/v2\/comments?post=137049"}],"version-history":[{"count":0,"href":"https:\/\/cdnoticias.com\/index.php\/wp-json\/wp\/v2\/posts\/137049\/revisions"}],"wp:featuredmedia":[{"embeddable":true,"href":"https:\/\/cdnoticias.com\/index.php\/wp-json\/wp\/v2\/media\/156098"}],"wp:attachment":[{"href":"https:\/\/cdnoticias.com\/index.php\/wp-json\/wp\/v2\/media?parent=137049"}],"wp:term":[{"taxonomy":"category","embeddable":true,"href":"https:\/\/cdnoticias.com\/index.php\/wp-json\/wp\/v2\/categories?post=137049"},{"taxonomy":"post_tag","embeddable":true,"href":"https:\/\/cdnoticias.com\/index.php\/wp-json\/wp\/v2\/tags?post=137049"}],"curies":[{"name":"wp","href":"https:\/\/api.w.org\/{rel}","templated":true}]}}