{"id":137047,"date":"2023-07-03T18:13:54","date_gmt":"2023-07-03T21:13:54","guid":{"rendered":"http:\/\/centraldeportes.com.ar\/?p=38161"},"modified":"2025-02-11T17:49:43","modified_gmt":"2025-02-11T20:49:43","slug":"otra-vez-gano-la-violencia-intentaron-agredir-a-un-arbitro-bolivarense","status":"publish","type":"post","link":"https:\/\/cdnoticias.com\/index.php\/2023\/07\/03\/otra-vez-gano-la-violencia-intentaron-agredir-a-un-arbitro-bolivarense\/","title":{"rendered":"Otra vez gan\u00f3 la violencia: intentaron agredir a un \u00e1rbitro bolivarense"},"content":{"rendered":"<p>El hecho sucedi\u00f3 en la vecina ciudad mientras se desarrollaban las definiciones de las Finales de Inferiores. El juez implicado realiz\u00f3 la denuncia correspondiente.<!--more--><\/p>\n<hr \/>\n<p>Las Formativas de la Liga de F\u00fatbol de Bol\u00edvar tuvieron a sus campeones, pero la jornada qued\u00f3 empa\u00f1ada por otra angustiante situaci\u00f3n extrafutbol\u00edstica ocurrida el s\u00e1bado pasado.<\/p>\n<p>&nbsp;<\/p>\n<p>El acto se desat\u00f3 una vez concluida la <strong>final de Sexta entre Casariego y Balonpi\u00e9<\/strong>, cuando el padre de uno de los jugadores del \u201cGallego\u201d intent\u00f3 violentar f\u00edsicamente al \u00e1rbitro del encuentro, <strong>Braian Tiseira<\/strong>.<\/p>\n<p>&nbsp;<\/p>\n<p>El joven colegiado, muy vinculado a los pagos olavarrienses, ya tiene en su carrera varios partidos dirigidos en nuestra ciudad: el \u00faltimo, Embajadores \u2013 V\u00e9lez en el Clemente Di Carlo. <strong>Asimismo, seg\u00fan relat\u00f3, el agresor lo corri\u00f3 hasta zona de vestuarios y de no ser por sus colegas en cancha junto a un \u201cProfe\u201d de Balonpi\u00e9 la situaci\u00f3n pudo haber sido mucho m\u00e1s grave<\/strong>.<\/p>\n<p>&nbsp;<\/p>\n<p>Ante el agravio vivido, <strong>Tiseira confirm\u00f3 que una vez calmados los \u00e1nimos realiz\u00f3 la denuncia penal correspondiente caratulada como \u201cIntento de agresi\u00f3n y amenazas\u201d<\/strong>. En paralelo, la situaci\u00f3n despert\u00f3 el repudio de diferentes instituciones, medios y cuerpos de \u00e1rbitros ante lo ocurrido siete d\u00edas despu\u00e9s de otro grave hecho contra un juez local.<\/p>\n","protected":false},"excerpt":{"rendered":"<p>El hecho sucedi\u00f3 en la vecina ciudad mientras se desarrollaban las definiciones de las Finales de Inferiores. El juez implicado<\/p>\n","protected":false},"author":96739694,"featured_media":156102,"comment_status":"closed","ping_status":"closed","sticky":false,"template":"","format":"standard","meta":{"_jetpack_memberships_contains_paid_content":false,"footnotes":""},"categories":[35,1,41],"tags":[],"class_list":["post-137047","post","type-post","status-publish","format-standard","has-post-thumbnail","hentry","category-futbol","category-portada","category-primera-y-reserva"],"jetpack_featured_media_url":"https:\/\/i0.wp.com\/cdnoticias.com\/wp-content\/uploads\/2023\/07\/Braian-Tiseira.jpeg?fit=1298%2C866&ssl=1","jetpack_sharing_enabled":true,"_links":{"self":[{"href":"https:\/\/cdnoticias.com\/index.php\/wp-json\/wp\/v2\/posts\/137047","targetHints":{"allow":["GET"]}}],"collection":[{"href":"https:\/\/cdnoticias.com\/index.php\/wp-json\/wp\/v2\/posts"}],"about":[{"href":"https:\/\/cdnoticias.com\/index.php\/wp-json\/wp\/v2\/types\/post"}],"author":[{"embeddable":true,"href":"https:\/\/cdnoticias.com\/index.php\/wp-json\/wp\/v2\/users\/96739694"}],"replies":[{"embeddable":true,"href":"https:\/\/cdnoticias.com\/index.php\/wp-json\/wp\/v2\/comments?post=137047"}],"version-history":[{"count":0,"href":"https:\/\/cdnoticias.com\/index.php\/wp-json\/wp\/v2\/posts\/137047\/revisions"}],"wp:featuredmedia":[{"embeddable":true,"href":"https:\/\/cdnoticias.com\/index.php\/wp-json\/wp\/v2\/media\/156102"}],"wp:attachment":[{"href":"https:\/\/cdnoticias.com\/index.php\/wp-json\/wp\/v2\/media?parent=137047"}],"wp:term":[{"taxonomy":"category","embeddable":true,"href":"https:\/\/cdnoticias.com\/index.php\/wp-json\/wp\/v2\/categories?post=137047"},{"taxonomy":"post_tag","embeddable":true,"href":"https:\/\/cdnoticias.com\/index.php\/wp-json\/wp\/v2\/tags?post=137047"}],"curies":[{"name":"wp","href":"https:\/\/api.w.org\/{rel}","templated":true}]}}