{"id":137033,"date":"2023-07-01T18:21:12","date_gmt":"2023-07-01T21:21:12","guid":{"rendered":"http:\/\/centraldeportes.com.ar\/?p=38037"},"modified":"2025-02-11T17:50:05","modified_gmt":"2025-02-11T20:50:05","slug":"campeonato-provincial-sub18-hubo-medalla-de-oro-para-dos-locales","status":"publish","type":"post","link":"https:\/\/cdnoticias.com\/index.php\/2023\/07\/01\/campeonato-provincial-sub18-hubo-medalla-de-oro-para-dos-locales\/","title":{"rendered":"Campeonato Provincial Sub18: hubo medalla de oro para dos locales"},"content":{"rendered":"<p>Este s\u00e1bado dio inicio el Campeonato Provincial Sub18 en Mar del Plata y hubo una medalla de oro para dos atletas olavarrienses.<!--more--><\/p>\n<hr \/>\n<p>Clara Rudolf, Juana Martinefsky, Francesca Bolognani, Abril Bassano, Agust\u00edn Bustos, I\u00f1aki Arguindeguy, Valentino Escaig, Emiliano D\u00edaz, Iv\u00e1n Salvador, Bautista Balistrere, Leandro \u00c1lvarez y Nicol\u00e1s Pezet Paz compitieron en la pista Justo Rom\u00e1n y estuvieron acompa\u00f1ados del entrenador Jorge Bellinzoni.<\/p>\n<p>&nbsp;<\/p>\n<div class=\"tiled-gallery type-rectangular tiled-gallery-unresized\" data-original-width=\"800\" data-carousel-extra='null' itemscope itemtype=\"http:\/\/schema.org\/ImageGallery\" > <div class=\"gallery-row\" style=\"width: 800px; height: 452px;\" data-original-width=\"800\" data-original-height=\"452\" > <div class=\"gallery-group images-1\" style=\"width: 800px; height: 452px;\" data-original-width=\"800\" data-original-height=\"452\" > <div class=\"tiled-gallery-item tiled-gallery-item-large\" itemprop=\"associatedMedia\" itemscope itemtype=\"http:\/\/schema.org\/ImageObject\"> <a href=\"https:\/\/i0.wp.com\/cdnoticias.com\/wp-content\/uploads\/2021\/11\/WhatsApp-Image-2021-11-07-at-21.59.45.jpeg?ssl=1\" border=\"0\" itemprop=\"url\"> <meta itemprop=\"width\" content=\"796\"> <meta itemprop=\"height\" content=\"448\"> <img decoding=\"async\" class=\"\" data-attachment-id=\"38039\" data-orig-file=\"https:\/\/cdnoticias.com\/wp-content\/uploads\/2021\/11\/WhatsApp-Image-2021-11-07-at-21.59.45.jpeg\" data-orig-size=\"1280,720\" data-comments-opened=\"\" data-image-meta=\"{&quot;aperture&quot;:&quot;0&quot;,&quot;credit&quot;:&quot;&quot;,&quot;camera&quot;:&quot;&quot;,&quot;caption&quot;:&quot;&quot;,&quot;created_timestamp&quot;:&quot;0&quot;,&quot;copyright&quot;:&quot;&quot;,&quot;focal_length&quot;:&quot;0&quot;,&quot;iso&quot;:&quot;0&quot;,&quot;shutter_speed&quot;:&quot;0&quot;,&quot;title&quot;:&quot;&quot;,&quot;orientation&quot;:&quot;0&quot;,&quot;resized_images&quot;:[&quot;700x400_c&quot;]}\" data-image-title=\"WhatsApp Image 2021-11-07 at 21.59.45\" data-image-description=\"\" data-medium-file=\"https:\/\/i0.wp.com\/cdnoticias.com\/wp-content\/uploads\/2021\/11\/WhatsApp-Image-2021-11-07-at-21.59.45.jpeg?fit=300%2C169&#038;ssl=1\" data-large-file=\"https:\/\/i0.wp.com\/cdnoticias.com\/wp-content\/uploads\/2021\/11\/WhatsApp-Image-2021-11-07-at-21.59.45.jpeg?fit=800%2C450&#038;ssl=1\" src=\"https:\/\/i0.wp.com\/cdnoticias.com\/wp-content\/uploads\/2021\/11\/WhatsApp-Image-2021-11-07-at-21.59.45.jpeg?w=796&#038;h=448&#038;ssl=1\" srcset=\"https:\/\/i0.wp.com\/cdnoticias.com\/wp-content\/uploads\/2021\/11\/WhatsApp-Image-2021-11-07-at-21.59.45.jpeg?w=1280&amp;ssl=1 1280w, https:\/\/i0.wp.com\/cdnoticias.com\/wp-content\/uploads\/2021\/11\/WhatsApp-Image-2021-11-07-at-21.59.45.jpeg?resize=300%2C169&amp;ssl=1 300w, https:\/\/i0.wp.com\/cdnoticias.com\/wp-content\/uploads\/2021\/11\/WhatsApp-Image-2021-11-07-at-21.59.45.jpeg?resize=768%2C432&amp;ssl=1 768w, https:\/\/i0.wp.com\/cdnoticias.com\/wp-content\/uploads\/2021\/11\/WhatsApp-Image-2021-11-07-at-21.59.45.jpeg?resize=1024%2C576&amp;ssl=1 1024w\" width=\"796\" height=\"448\" loading=\"lazy\" data-original-width=\"796\" data-original-height=\"448\" itemprop=\"http:\/\/schema.org\/image\" title=\"WhatsApp Image 2021-11-07 at 21.59.45\" alt=\"WhatsApp Image 2021-11-07 at 21.59.45\" style=\"width: 796px; height: 448px;\" \/> <\/a> <\/div> <\/div> <!-- close group --> <\/div> <!-- close row --> <\/div>\n<p>&nbsp;<\/p>\n<p>La mejor colocaci\u00f3n fue la I\u00f1aki Arguindeguy que logr\u00f3 el campeonato provincial Sub18 en los 400 metros con un tiempo de 52.69 y tambi\u00e9n particip\u00f3 en los 100 metros donde fue tercero en su serie.<\/p>\n<p>&nbsp;<\/p>\n<p>En la actuaci\u00f3n entre las Damas, Clara Rudolf y Francesca Bolognani participaron en los 100 metros con vallas y mientras Rudolf fue octava en su serie, Bolognani finaliz\u00f3 tercera; Juana Martinefsky corri\u00f3 en la final de los 400 metros donde fue octava con un tiempo de 1:08.62 y Abril Bassano, en la serie de 100 metros logr\u00f3 un meritorio s\u00e9ptimo puesto en la final.<\/p>\n<p>&nbsp;<\/p>\n<p>Por el lado de los Caballeros, Agust\u00edn Bustos corri\u00f3 en los 100 metros y fue 6\u00b0 en su serie y en los 110 metros con vallas ocup\u00f3 el segundo puesto; Valentino Escaig fue tercero en su serie de 110 metros con vallas; Emiliano D\u00edaz se ubic\u00f3 tercero en los 100 metros y en los 400 metros finaliz\u00f3 6\u00b0, Leandro \u00c1lvarez fue 7\u00b0 en los 100 metros y Bautista Balistrere fue 6\u00b0 en los 100 metros.<\/p>\n<p>&nbsp;<\/p>\n<p>En los 1500 metros participaron Iv\u00e1n Salvador y Nicol\u00e1s Pezet Paz y se ubicaron quinto y decimoquinto respectivamente y <strong>la medalla de oro fue para\u00a0 Alfredo Ardiles del grupo Correcaminos.<\/strong><\/p>\n","protected":false},"excerpt":{"rendered":"<p>Este s\u00e1bado dio inicio el Campeonato Provincial Sub18 en Mar del Plata y hubo una medalla de oro para dos<\/p>\n","protected":false},"author":96739694,"featured_media":156144,"comment_status":"closed","ping_status":"closed","sticky":false,"template":"","format":"standard","meta":{"_jetpack_memberships_contains_paid_content":false,"footnotes":""},"categories":[38,1],"tags":[],"class_list":["post-137033","post","type-post","status-publish","format-standard","has-post-thumbnail","hentry","category-pedestrismo","category-portada"],"jetpack_featured_media_url":"https:\/\/i0.wp.com\/cdnoticias.com\/wp-content\/uploads\/2023\/07\/WhatsApp-Image-2023-07-01-at-17.35.39-e1688246451129.jpeg?fit=960%2C611&ssl=1","jetpack_sharing_enabled":true,"_links":{"self":[{"href":"https:\/\/cdnoticias.com\/index.php\/wp-json\/wp\/v2\/posts\/137033","targetHints":{"allow":["GET"]}}],"collection":[{"href":"https:\/\/cdnoticias.com\/index.php\/wp-json\/wp\/v2\/posts"}],"about":[{"href":"https:\/\/cdnoticias.com\/index.php\/wp-json\/wp\/v2\/types\/post"}],"author":[{"embeddable":true,"href":"https:\/\/cdnoticias.com\/index.php\/wp-json\/wp\/v2\/users\/96739694"}],"replies":[{"embeddable":true,"href":"https:\/\/cdnoticias.com\/index.php\/wp-json\/wp\/v2\/comments?post=137033"}],"version-history":[{"count":0,"href":"https:\/\/cdnoticias.com\/index.php\/wp-json\/wp\/v2\/posts\/137033\/revisions"}],"wp:featuredmedia":[{"embeddable":true,"href":"https:\/\/cdnoticias.com\/index.php\/wp-json\/wp\/v2\/media\/156144"}],"wp:attachment":[{"href":"https:\/\/cdnoticias.com\/index.php\/wp-json\/wp\/v2\/media?parent=137033"}],"wp:term":[{"taxonomy":"category","embeddable":true,"href":"https:\/\/cdnoticias.com\/index.php\/wp-json\/wp\/v2\/categories?post=137033"},{"taxonomy":"post_tag","embeddable":true,"href":"https:\/\/cdnoticias.com\/index.php\/wp-json\/wp\/v2\/tags?post=137033"}],"curies":[{"name":"wp","href":"https:\/\/api.w.org\/{rel}","templated":true}]}}