{"id":137032,"date":"2023-07-01T17:09:43","date_gmt":"2023-07-01T20:09:43","guid":{"rendered":"http:\/\/centraldeportes.com.ar\/?p=38002"},"modified":"2025-02-11T17:50:06","modified_gmt":"2025-02-11T20:50:06","slug":"fuimos-los-justos-merecedores-trabajamos-mucho-en-la-idea-del-chueco","status":"publish","type":"post","link":"https:\/\/cdnoticias.com\/index.php\/2023\/07\/01\/fuimos-los-justos-merecedores-trabajamos-mucho-en-la-idea-del-chueco\/","title":{"rendered":"\u201cFuimos los justos merecedores, trabajamos mucho en la idea del Chueco\u201d"},"content":{"rendered":"<p>Alejandro Cataldi fue la figura del encuentro contra Deportivo Tandil y habl\u00f3 tras la goleada 4 a 1 de \u201cLa Estrellita\u201d. \u201cEsta instituci\u00f3n te pide competir en todos los torneos que jug\u00e1s\u201d, rafitic\u00f3 el volante.<!--more--><\/p>\n<hr \/>\n<p>En la noche del pasado mi\u00e9rcoles,<a href=\"http:\/\/centraldeportes.com.ar\/racing-supero-ampliamente-al-depor-y-avanzo-a-cuartos-de-final\/\"> Racing liquid\u00f3 la serie contra el \u201cDepor\u201d<\/a> en el Buglione y clasific\u00f3 a los cuartos de final del Regional Pampeano. \u201c<em><strong>Fuimos los justos merecedores del triunfo<\/strong>. All\u00e1 en el primer tiempo nos complicaron con dos goles de la galera cuando est\u00e1bamos bien y en el segundo tiempo <strong>mostramos car\u00e1cter para dar vuelta el resultado<\/strong><\/em>\u201d, coment\u00f3 en primer t\u00e9rmino Alejandro Cataldi, la figura del partido revancha. \u201c<strong><em>Ac\u00e1 nos sentimos c\u00f3modos y fuimos superiores<\/em><\/strong>\u201d, remat\u00f3.<\/p>\n<p>&nbsp;<\/p>\n<p>Con lo realizado en los primeros cuarenta y cinco minutos, al \u201cChaira\u201d le bast\u00f3 para dar el ultim\u00e1tum en la serie: \u201c<strong><em>Trabajamos mucho en la idea del Chueco \u2013 Garc\u00eda Lorenzo \u2013 para que salga y la gente lo vea<\/em><\/strong>\u201d, cont\u00f3 el volante.<\/p>\n<p>&nbsp;<\/p>\n<p><img data-recalc-dims=\"1\" loading=\"lazy\" decoding=\"async\" class=\"aligncenter size-large wp-image-37914\" src=\"https:\/\/i0.wp.com\/centraldeportes.com.ar\/wp-content\/uploads\/2023\/06\/racing-8-1024x683.jpeg?resize=800%2C534\" alt=\"\" width=\"800\" height=\"534\" \/><\/p>\n<p>&nbsp;<\/p>\n<p>A los 15\u2019 de la primera parte, Cataldi abri\u00f3 camino a la goleada con un derechazo desde afuera del \u00e1rea: \u201c<strong><em>Trabajo d\u00eda a d\u00eda para estar bien. Con Manu \u2013 Scacheri \u2013 le ponemos mucha garra en el medio y por suerte esta vez se me dio el gol, no s\u00e9 si me sale de nuevo si quiero patear ah\u00ed<\/em><\/strong>\u201d, manifest\u00f3 entre risas.<\/p>\n<p>&nbsp;<\/p>\n<blockquote><p>\u201cLe dedico el gol a mi viejo que no estaba pasando un buen momento y le toc\u00f3 estar viajando\u201d<\/p><\/blockquote>\n<p>&nbsp;<\/p>\n<p>Racing se mantiene firme en los dos frentes. Tanto en el Interligas como en el Regional Pampeano se encuentra en cuartos de final: \u201c<em><strong>Esta instituci\u00f3n te pide competir en todos los torneos que jug\u00e1s y tratamos de representarla de la mejor manera<\/strong>\u201d<\/em>, enfatiz\u00f3 Cataldi y luego finaliz\u00f3: \u201c<strong><em>El domingo tenemos un partido duro \u2013 contra El Fort\u00edn \u2013 y luego pensaremos en Balonpi\u00e9<\/em><\/strong>\u201d.<\/p>\n","protected":false},"excerpt":{"rendered":"<p>Alejandro Cataldi fue la figura del encuentro contra Deportivo Tandil y habl\u00f3 tras la goleada 4 a 1 de \u201cLa<\/p>\n","protected":false},"author":96739694,"featured_media":156146,"comment_status":"closed","ping_status":"closed","sticky":false,"template":"","format":"standard","meta":{"_jetpack_memberships_contains_paid_content":false,"footnotes":""},"categories":[35,1,54],"tags":[],"class_list":["post-137032","post","type-post","status-publish","format-standard","has-post-thumbnail","hentry","category-futbol","category-portada","category-torneo-regional-amateur"],"jetpack_featured_media_url":"https:\/\/i0.wp.com\/cdnoticias.com\/wp-content\/uploads\/2023\/07\/Alejandro-Cataldi-Racing-e1688242094129.png?fit=3427%2C2193&ssl=1","jetpack_sharing_enabled":true,"_links":{"self":[{"href":"https:\/\/cdnoticias.com\/index.php\/wp-json\/wp\/v2\/posts\/137032","targetHints":{"allow":["GET"]}}],"collection":[{"href":"https:\/\/cdnoticias.com\/index.php\/wp-json\/wp\/v2\/posts"}],"about":[{"href":"https:\/\/cdnoticias.com\/index.php\/wp-json\/wp\/v2\/types\/post"}],"author":[{"embeddable":true,"href":"https:\/\/cdnoticias.com\/index.php\/wp-json\/wp\/v2\/users\/96739694"}],"replies":[{"embeddable":true,"href":"https:\/\/cdnoticias.com\/index.php\/wp-json\/wp\/v2\/comments?post=137032"}],"version-history":[{"count":0,"href":"https:\/\/cdnoticias.com\/index.php\/wp-json\/wp\/v2\/posts\/137032\/revisions"}],"wp:featuredmedia":[{"embeddable":true,"href":"https:\/\/cdnoticias.com\/index.php\/wp-json\/wp\/v2\/media\/156146"}],"wp:attachment":[{"href":"https:\/\/cdnoticias.com\/index.php\/wp-json\/wp\/v2\/media?parent=137032"}],"wp:term":[{"taxonomy":"category","embeddable":true,"href":"https:\/\/cdnoticias.com\/index.php\/wp-json\/wp\/v2\/categories?post=137032"},{"taxonomy":"post_tag","embeddable":true,"href":"https:\/\/cdnoticias.com\/index.php\/wp-json\/wp\/v2\/tags?post=137032"}],"curies":[{"name":"wp","href":"https:\/\/api.w.org\/{rel}","templated":true}]}}