{"id":137031,"date":"2023-07-01T01:44:06","date_gmt":"2023-07-01T04:44:06","guid":{"rendered":"http:\/\/centraldeportes.com.ar\/?p=37984"},"modified":"2025-02-11T17:50:23","modified_gmt":"2025-02-11T20:50:23","slug":"festejo-de-estudiantes-en-el-inicio-de-otro-finde-de-liga-federal-formativa","status":"publish","type":"post","link":"https:\/\/cdnoticias.com\/index.php\/2023\/07\/01\/festejo-de-estudiantes-en-el-inicio-de-otro-finde-de-liga-federal-formativa\/","title":{"rendered":"Festejo de Estudiantes en el inicio de otro \u201cfinde\u201d de Liga Federal Formativa"},"content":{"rendered":"<p>Este viernes y aprovechando la participaci\u00f3n de Estudiantes y Racing en la Liga Federal Formativa, comenz\u00f3 a disputarse un nuevo fin de semana de competencia. Fue festejo del \u201cBataraz\u201d.<!--more--><\/p>\n<hr \/>\n<p>Estudiantes se impuso 77 a 68 a Racing e inici\u00f3 con festejo su participaci\u00f3n en el Regional de Clubes U17, \u00fanica categor\u00eda que lo tiene como participante. Gonzalo Aman con 32 puntos fue el m\u00e1ximo anotador de la noche.<\/p>\n<p>&nbsp;<\/p>\n<p>La competencia organizada por Regi\u00f3n CAB 4 tuvo al \u201cChaira\u201d llegando en ventaja a los \u00faltimos 10 minutos, pero la reacci\u00f3n del equipo local fue suficiente para revertir el resultado y sumar la primera victoria en el grupo donde tambi\u00e9n participan 9 de Julio y Pueyrred\u00f3n.<\/p>\n<p>&nbsp;<\/p>\n<p>[soliloquy id=&#8221;37994&#8243;]<\/p>\n<p>&nbsp;<\/p>\n<p>El fin de semana de Liga Federal Formativa continuar\u00e1 entre s\u00e1bado y domingo con partidos en el Maxigimnasio y en San Mart\u00edn de Sierras Bayas, donde las representantes del \u201cLe\u00f3n\u201d y Ferro animar\u00e1n el U15 femenino.<\/p>\n<p>&nbsp;<\/p>\n<p>El cronograma:<\/p>\n<p>S\u00e1bado:<br \/>\nEn Estudiantes:<br \/>\n12:30 hs.: U17 M 9 de Julio \u2013 Pueyrred\u00f3n<br \/>\n18:00 hs.: U17 M Racing \u2013 9 de Julio<br \/>\n20:00 hs.: U17 M Pueyrred\u00f3n \u2013 Estudiantes<br \/>\nEn San Mart\u00edn:<br \/>\n11:00 hs.: U15 F Ferro \u2013 Bahiense del Norte<br \/>\n16:00 hs.: U15 F San Mart\u00edn \u2013 Bahiense del Norte<\/p>\n<p>&nbsp;<\/p>\n<p>Domingo:<br \/>\nEn Estudiantes:<br \/>\n11:00 hs.: U17 M 9 de Julio \u2013 Estudiantes<br \/>\n13:00 hs.: U17 M Racing \u2013 Pueyrred\u00f3n<br \/>\nEn San Mart\u00edn:<br \/>\n11:00 hs.: U15 F San Mart\u00edn \u2013 Ferro<\/p>\n","protected":false},"excerpt":{"rendered":"<p>Este viernes y aprovechando la participaci\u00f3n de Estudiantes y Racing en la Liga Federal Formativa, comenz\u00f3 a disputarse un nuevo<\/p>\n","protected":false},"author":96739694,"featured_media":156150,"comment_status":"closed","ping_status":"closed","sticky":false,"template":"","format":"standard","meta":{"_jetpack_memberships_contains_paid_content":false,"footnotes":""},"categories":[31,44,1],"tags":[],"class_list":["post-137031","post","type-post","status-publish","format-standard","has-post-thumbnail","hentry","category-basquet","category-inferiores-basquet","category-portada"],"jetpack_featured_media_url":"https:\/\/i0.wp.com\/cdnoticias.com\/wp-content\/uploads\/2023\/07\/cae-rac-4.jpeg?fit=1500%2C1000&ssl=1","jetpack_sharing_enabled":true,"_links":{"self":[{"href":"https:\/\/cdnoticias.com\/index.php\/wp-json\/wp\/v2\/posts\/137031","targetHints":{"allow":["GET"]}}],"collection":[{"href":"https:\/\/cdnoticias.com\/index.php\/wp-json\/wp\/v2\/posts"}],"about":[{"href":"https:\/\/cdnoticias.com\/index.php\/wp-json\/wp\/v2\/types\/post"}],"author":[{"embeddable":true,"href":"https:\/\/cdnoticias.com\/index.php\/wp-json\/wp\/v2\/users\/96739694"}],"replies":[{"embeddable":true,"href":"https:\/\/cdnoticias.com\/index.php\/wp-json\/wp\/v2\/comments?post=137031"}],"version-history":[{"count":0,"href":"https:\/\/cdnoticias.com\/index.php\/wp-json\/wp\/v2\/posts\/137031\/revisions"}],"wp:featuredmedia":[{"embeddable":true,"href":"https:\/\/cdnoticias.com\/index.php\/wp-json\/wp\/v2\/media\/156150"}],"wp:attachment":[{"href":"https:\/\/cdnoticias.com\/index.php\/wp-json\/wp\/v2\/media?parent=137031"}],"wp:term":[{"taxonomy":"category","embeddable":true,"href":"https:\/\/cdnoticias.com\/index.php\/wp-json\/wp\/v2\/categories?post=137031"},{"taxonomy":"post_tag","embeddable":true,"href":"https:\/\/cdnoticias.com\/index.php\/wp-json\/wp\/v2\/tags?post=137031"}],"curies":[{"name":"wp","href":"https:\/\/api.w.org\/{rel}","templated":true}]}}