{"id":137021,"date":"2024-06-30T13:27:48","date_gmt":"2024-06-30T16:27:48","guid":{"rendered":"https:\/\/centraldeportes.com.ar\/?p=52823"},"modified":"2025-02-13T17:56:32","modified_gmt":"2025-02-13T20:56:32","slug":"mas-de-un-centenar-de-atletas-corrieron-los-10k-por-sierra-chica","status":"publish","type":"post","link":"https:\/\/cdnoticias.com\/index.php\/2024\/06\/30\/mas-de-un-centenar-de-atletas-corrieron-los-10k-por-sierra-chica\/","title":{"rendered":"M\u00e1s de un centenar de atletas corrieron los 10K por Sierra Chica"},"content":{"rendered":"<p>En la ma\u00f1ana de este domingo y a pesar de las bajas temperaturas se complet\u00f3 una nueva edici\u00f3n de los 10K por las calles de Sierra Chica organizado por el CEF N\u00b0100 y fiscalizado por el C\u00edrculo de Atletas Veteranos de Olavarr\u00eda.<!--more--><\/p>\n<hr \/>\n<p>La prueba pedestre sobre las calles de la localidad tuvo la posibilidad de dos distancias, la principal sobre 10K que complet\u00f3 dos vueltas al recorrido y una de 5K y hubo en total m\u00e1s de 150 atletas participantes.<\/p>\n<p>&nbsp;<\/p>\n<p>[soliloquy id=&#8221;52811&#8243;]<\/p>\n<p>&nbsp;<\/p>\n<p>La victoria en 10K fue para Luciano Sosa que fue el m\u00e1s veloz con 35:48, mientras que en las Damas, la primera en llegar fue Yamila Pedreira.<\/p>\n<p>&nbsp;<\/p>\n<p>Adem\u00e1s, hubo clasificaci\u00f3n sobre 5K.<\/p>\n<p>&nbsp;<\/p>\n<p>Los resultados:<\/p>\n<p>10K:<\/p>\n<p>Caballeros:<br \/>\n1\u00b0 Luciano Sosa con 35:48<br \/>\n2\u00b0 Mart\u00edn Trumpio con 35:57<br \/>\n3\u00b0 Mauricio Olivera con 36:08<br \/>\n4\u00b0 Marcos Gamondi<br \/>\n5\u00b0 Sebasti\u00e1n Kuhn<\/p>\n<p>Damas:<br \/>\n1\u00b0 Yamila Pedreira con 43:14<br \/>\n2\u00b0 Wendy Lardo con 43:47<br \/>\n3\u00b0 Florencia Ju\u00e1rez con 46:09<br \/>\n4\u00b0 Carolina Bustos<br \/>\n5\u00b0 Juliana Mitre<\/p>\n<p>&nbsp;<\/p>\n<p>5K:<\/p>\n<p>Caballeros:<br \/>\n1\u00b0 Francisco Marchioni con 16:31<br \/>\n2\u00b0 Manuel Santos<\/p>\n<p>Damas:<br \/>\n1\u00b0 Valentina Mart\u00edn con 21:14<\/p>\n","protected":false},"excerpt":{"rendered":"<p>En la ma\u00f1ana de este domingo y a pesar de las bajas temperaturas se complet\u00f3 una nueva edici\u00f3n de los<\/p>\n","protected":false},"author":96739694,"featured_media":161824,"comment_status":"closed","ping_status":"closed","sticky":false,"template":"","format":"standard","meta":{"_jetpack_memberships_contains_paid_content":false,"footnotes":""},"categories":[38,1],"tags":[],"class_list":["post-137021","post","type-post","status-publish","format-standard","has-post-thumbnail","hentry","category-pedestrismo","category-portada"],"jetpack_featured_media_url":"https:\/\/i0.wp.com\/cdnoticias.com\/wp-content\/uploads\/2024\/06\/10k-sc-3.jpg?fit=1280%2C853&ssl=1","jetpack_sharing_enabled":true,"_links":{"self":[{"href":"https:\/\/cdnoticias.com\/index.php\/wp-json\/wp\/v2\/posts\/137021","targetHints":{"allow":["GET"]}}],"collection":[{"href":"https:\/\/cdnoticias.com\/index.php\/wp-json\/wp\/v2\/posts"}],"about":[{"href":"https:\/\/cdnoticias.com\/index.php\/wp-json\/wp\/v2\/types\/post"}],"author":[{"embeddable":true,"href":"https:\/\/cdnoticias.com\/index.php\/wp-json\/wp\/v2\/users\/96739694"}],"replies":[{"embeddable":true,"href":"https:\/\/cdnoticias.com\/index.php\/wp-json\/wp\/v2\/comments?post=137021"}],"version-history":[{"count":0,"href":"https:\/\/cdnoticias.com\/index.php\/wp-json\/wp\/v2\/posts\/137021\/revisions"}],"wp:featuredmedia":[{"embeddable":true,"href":"https:\/\/cdnoticias.com\/index.php\/wp-json\/wp\/v2\/media\/161824"}],"wp:attachment":[{"href":"https:\/\/cdnoticias.com\/index.php\/wp-json\/wp\/v2\/media?parent=137021"}],"wp:term":[{"taxonomy":"category","embeddable":true,"href":"https:\/\/cdnoticias.com\/index.php\/wp-json\/wp\/v2\/categories?post=137021"},{"taxonomy":"post_tag","embeddable":true,"href":"https:\/\/cdnoticias.com\/index.php\/wp-json\/wp\/v2\/tags?post=137021"}],"curies":[{"name":"wp","href":"https:\/\/api.w.org\/{rel}","templated":true}]}}