{"id":137018,"date":"2024-06-29T21:00:08","date_gmt":"2024-06-30T00:00:08","guid":{"rendered":"https:\/\/centraldeportes.com.ar\/?p=52796"},"modified":"2025-02-13T17:53:15","modified_gmt":"2025-02-13T20:53:15","slug":"las-divisiones-inferiores-le-dieron-cierre-a-la-fecha-de-clasico-doble","status":"publish","type":"post","link":"https:\/\/cdnoticias.com\/index.php\/2024\/06\/29\/las-divisiones-inferiores-le-dieron-cierre-a-la-fecha-de-clasico-doble\/","title":{"rendered":"Las Divisiones Inferiores le dieron cierre a la fecha de cl\u00e1sico doble"},"content":{"rendered":"<p>Con varios partidos en agenda, las seis categor\u00edas del f\u00fatbol menor completaron este s\u00e1bado la 9\u00b0 cita del Torneo Apertura que hab\u00eda dado inicio, parcialmente, el pasado fin de semana.<!--more--><\/p>\n<hr \/>\n<p>A pesar de la fresca jornada, las <strong>Divisiones Inferiores<\/strong> del f\u00fatbol local volvieron al ruedo y lograron darle fin a la <strong>9\u00b0 jornada del Torneo Apertura<\/strong>, suspendida el pasado fin de semana largo por mal clima.<\/p>\n<p>&nbsp;<\/p>\n<p>Aun as\u00ed, los chicos <a href=\"https:\/\/cdnoticias.com\/inferiores-el-mal-clima-no-dejo-completar-la-9-fecha\/\">hab\u00edan logrado disputar cinco duelos<\/a> correspondientes a tres de las divisiones menores.<\/p>\n<p>&nbsp;<\/p>\n<p>No obstante, este s\u00e1bado, la fecha enmarc\u00f3 dos cl\u00e1sicos. Por un lado, en los duelos que faltaban, <strong>Estudiantes<\/strong> el gan\u00f3 la pulseada a <strong>Racing<\/strong>, mientras que <strong>Loma Negra<\/strong> hizo lo propio ante <strong>San Mart\u00edn<\/strong> con un festejo m\u00e1s.<\/p>\n<p>&nbsp;<\/p>\n<p>Adem\u00e1s, la jornada cont\u00f3 con absolutos festejos <strong>Ferro<\/strong>,<strong> Hinojo<\/strong> y <strong>El Fort\u00edn<\/strong>, en los tres compromisos que deb\u00eda contra <strong>Municipales<\/strong>, y <strong>Embajadores<\/strong> no registr\u00f3 ca\u00eddas ante <strong>Sierra Chica<\/strong>.<\/p>\n<p>&nbsp;<\/p>\n<p>[soliloquy id=&#8221;52781&#8243;]<\/p>\n<p>&nbsp;<\/p>\n<ul>\n<li>\n<h6><strong>Resultados:<\/strong><\/h6>\n<\/li>\n<\/ul>\n<p>&nbsp;<\/p>\n<h6><strong>En D\u00e9cima<\/strong><\/h6>\n<p>Sierra Chica <strong>0 \u2013 5<\/strong> Embajadores<\/p>\n<p>San Mart\u00edn <strong>0 \u2013 2<\/strong> Loma Negra<\/p>\n<p><img data-recalc-dims=\"1\" loading=\"lazy\" decoding=\"async\" class=\"aligncenter size-full wp-image-52799\" src=\"https:\/\/i0.wp.com\/cdnoticias.com\/wp-content\/uploads\/2024\/06\/Apertura-2024-Fecha-9-Decima.png?resize=786%2C484&#038;ssl=1\" alt=\"\" width=\"786\" height=\"484\" \/><\/p>\n<p>&nbsp;<\/p>\n<h6><strong>En Novena<\/strong><\/h6>\n<p>Sierra Chica <strong>0 \u2013 4<\/strong> Embajadores<\/p>\n<p>San Mart\u00edn<strong> 0 \u2013 0<\/strong> Loma Negra<\/p>\n<p><img data-recalc-dims=\"1\" loading=\"lazy\" decoding=\"async\" class=\"aligncenter size-full wp-image-52800\" src=\"https:\/\/i0.wp.com\/cdnoticias.com\/wp-content\/uploads\/2024\/06\/Apertura-2024-Fecha-9-Novena.png?resize=786%2C485&#038;ssl=1\" alt=\"\" width=\"786\" height=\"485\" \/><\/p>\n<p>&nbsp;<\/p>\n<h6><strong>En Octava<\/strong><\/h6>\n<p>Ferro <strong>7 \u2013 0<\/strong> Luj\u00e1n<\/p>\n<p><img data-recalc-dims=\"1\" loading=\"lazy\" decoding=\"async\" class=\"aligncenter size-full wp-image-52801\" src=\"https:\/\/i0.wp.com\/cdnoticias.com\/wp-content\/uploads\/2024\/06\/Apertura-2024-Fecha-9-Octava.png?resize=785%2C401&#038;ssl=1\" alt=\"\" width=\"785\" height=\"401\" \/><\/p>\n<p>&nbsp;<\/p>\n<h6><strong>En S\u00e9ptima<\/strong><\/h6>\n<p>Ferro <strong>6 \u2013 0<\/strong> Luj\u00e1n<\/p>\n<p>Municipales <strong>0 \u2013 5<\/strong> El Fort\u00edn<\/p>\n<p>Estudiantes <strong>0 \u2013 2<\/strong> Racing<\/p>\n<p>Sierra Chica <strong>2 \u2013 2<\/strong> Embajadores<\/p>\n<p>San Mart\u00edn<strong> 2 \u2013 1<\/strong> Loma Negra<\/p>\n<p><img data-recalc-dims=\"1\" loading=\"lazy\" decoding=\"async\" class=\"aligncenter size-full wp-image-52803\" src=\"https:\/\/i0.wp.com\/cdnoticias.com\/wp-content\/uploads\/2024\/06\/Apertura-2024-Fecha-9-Septima.png?resize=784%2C527&#038;ssl=1\" alt=\"\" width=\"784\" height=\"527\" \/><\/p>\n<p>&nbsp;<\/p>\n<h6><strong>En Sexta<\/strong><\/h6>\n<p>Hinojo <strong>1 \u2013 0<\/strong> Colonias y Cerros<\/p>\n<p>Municipales <strong>0 \u2013 1<\/strong> El Fort\u00edn<\/p>\n<p>Estudiantes <strong>2 \u2013 1<\/strong> Racing<\/p>\n<p>San Mart\u00edn <strong>0 \u2013 0<\/strong> Loma Negra<\/p>\n<p><img data-recalc-dims=\"1\" loading=\"lazy\" decoding=\"async\" class=\"aligncenter size-full wp-image-52804\" src=\"https:\/\/i0.wp.com\/cdnoticias.com\/wp-content\/uploads\/2024\/06\/Apertura-2024-Fecha-9-Sexta.png?resize=789%2C487&#038;ssl=1\" alt=\"\" width=\"789\" height=\"487\" \/><\/p>\n<p>&nbsp;<\/p>\n<h6><strong>En Quinta<\/strong><\/h6>\n<p>Ferro <strong>2 \u2013 1<\/strong> Luj\u00e1n<\/p>\n<p>Municipales <strong>0 \u2013 3<\/strong> El Fort\u00edn<\/p>\n<p>Estudiantes <strong>4 \u2013 0<\/strong> Racing<\/p>\n<p>Sierra Chica<strong> 1 \u2013 4<\/strong> Embajadores<\/p>\n<p>San Mart\u00edn<strong> 1 \u2013 4<\/strong> Loma Negra<\/p>\n<p><img data-recalc-dims=\"1\" loading=\"lazy\" decoding=\"async\" class=\"aligncenter size-full wp-image-52802\" src=\"https:\/\/i0.wp.com\/cdnoticias.com\/wp-content\/uploads\/2024\/06\/Apertura-2024-Fecha-9-Quinta.png?resize=787%2C524&#038;ssl=1\" alt=\"\" width=\"787\" height=\"524\" \/><\/p>\n","protected":false},"excerpt":{"rendered":"<p>Con varios partidos en agenda, las seis categor\u00edas del f\u00fatbol menor completaron este s\u00e1bado la 9\u00b0 cita del Torneo Apertura<\/p>\n","protected":false},"author":96739694,"featured_media":161734,"comment_status":"closed","ping_status":"closed","sticky":false,"template":"","format":"standard","meta":{"_jetpack_memberships_contains_paid_content":false,"footnotes":""},"categories":[35,40,1],"tags":[],"class_list":["post-137018","post","type-post","status-publish","format-standard","has-post-thumbnail","hentry","category-futbol","category-inferiores","category-portada"],"jetpack_featured_media_url":"https:\/\/i0.wp.com\/cdnoticias.com\/wp-content\/uploads\/2024\/06\/inf-lfo-24-1.jpg?fit=1280%2C853&ssl=1","jetpack_sharing_enabled":true,"_links":{"self":[{"href":"https:\/\/cdnoticias.com\/index.php\/wp-json\/wp\/v2\/posts\/137018","targetHints":{"allow":["GET"]}}],"collection":[{"href":"https:\/\/cdnoticias.com\/index.php\/wp-json\/wp\/v2\/posts"}],"about":[{"href":"https:\/\/cdnoticias.com\/index.php\/wp-json\/wp\/v2\/types\/post"}],"author":[{"embeddable":true,"href":"https:\/\/cdnoticias.com\/index.php\/wp-json\/wp\/v2\/users\/96739694"}],"replies":[{"embeddable":true,"href":"https:\/\/cdnoticias.com\/index.php\/wp-json\/wp\/v2\/comments?post=137018"}],"version-history":[{"count":0,"href":"https:\/\/cdnoticias.com\/index.php\/wp-json\/wp\/v2\/posts\/137018\/revisions"}],"wp:featuredmedia":[{"embeddable":true,"href":"https:\/\/cdnoticias.com\/index.php\/wp-json\/wp\/v2\/media\/161734"}],"wp:attachment":[{"href":"https:\/\/cdnoticias.com\/index.php\/wp-json\/wp\/v2\/media?parent=137018"}],"wp:term":[{"taxonomy":"category","embeddable":true,"href":"https:\/\/cdnoticias.com\/index.php\/wp-json\/wp\/v2\/categories?post=137018"},{"taxonomy":"post_tag","embeddable":true,"href":"https:\/\/cdnoticias.com\/index.php\/wp-json\/wp\/v2\/tags?post=137018"}],"curies":[{"name":"wp","href":"https:\/\/api.w.org\/{rel}","templated":true}]}}