{"id":137017,"date":"2024-06-29T19:22:11","date_gmt":"2024-06-29T22:22:11","guid":{"rendered":"https:\/\/centraldeportes.com.ar\/?p=52779"},"modified":"2025-02-13T17:53:20","modified_gmt":"2025-02-13T20:53:20","slug":"liga-federal-formativa-racing-gano-en-bahia-blanca","status":"publish","type":"post","link":"https:\/\/cdnoticias.com\/index.php\/2024\/06\/29\/liga-federal-formativa-racing-gano-en-bahia-blanca\/","title":{"rendered":"Liga Federal Formativa: Racing gan\u00f3 en Bah\u00eda Blanca"},"content":{"rendered":"<p>Doble presentaci\u00f3n complet\u00f3 Racing en Bah\u00eda Blanca en la continuidad de la Liga Federal Formativa y fue con el primer triunfo en la competencia.<!--more--><\/p>\n<hr \/>\n<p>La categor\u00eda U17 del \u201cChaira\u201d se present\u00f3 por partida doble en la \u201cCapital del b\u00e1squet\u201d y sum\u00f3 una conquista, la primera del certamen.<\/p>\n<p>&nbsp;<\/p>\n<p>Los dirigidos por Axel Far\u00edas vencieron a Barrio Hospital en su primera presentaci\u00f3n en Bah\u00eda Blanca y luego cayeron ante Pac\u00edfico.<\/p>\n<p>&nbsp;<\/p>\n<p>Un tiempo suplementario necesit\u00f3 la \u201cEstrellita\u201d para festejar por primera vez en el certamen provincial y luego no tuvo chances de seguir por la buena senda.<\/p>\n<p>&nbsp;<\/p>\n<p>Dino Costilla con 15 puntos fue el jugador destacado del conjunto de Olavarr\u00eda en lo que signific\u00f3 el primer festejo sobre cinco presentaciones.<\/p>\n<p>&nbsp;<\/p>\n<p>Los resultados:<\/p>\n<p>U17:<br \/>\nBarrio Hospital 55-71 Racing<br \/>\nPac\u00edfico 83-38 Racing<\/p>\n<p>&nbsp;<\/p>\n<p><strong>S\u00edntesis Barrio Hospital \u2013 Racing:<\/strong><br \/>\nEstadio:<br \/>\n\u00c1rbitros:<br \/>\n<strong>Barrio Hospital (55): Storni (14), Madies (8), Posadas (10), Turra Paill\u00e1n (0) -FI- De Cascos (12), Deltetto (0), Gonz\u00e1lez (11), Alencastre Cordi (0), C\u00e1seres (0), Insua (0). DT- Pablo De Cascos<\/strong><br \/>\n<strong>Racing (71): Costilla (15), Miranda (8), Orsatti (2), Olio (2), Barsi Palavecino (5) -FI- Praiz (0), Montenegro (4), Aineseder (9), Hoffmann Vicente (12), Venzi (14). DT- Axel Far\u00edas<\/strong><br \/>\nParciales: 11-14; 17-34; 39-48; 50-50 y 55-71.<\/p>\n","protected":false},"excerpt":{"rendered":"<p>Doble presentaci\u00f3n complet\u00f3 Racing en Bah\u00eda Blanca en la continuidad de la Liga Federal Formativa y fue con el primer<\/p>\n","protected":false},"author":96739694,"featured_media":161738,"comment_status":"closed","ping_status":"closed","sticky":false,"template":"","format":"standard","meta":{"_jetpack_memberships_contains_paid_content":false,"footnotes":""},"categories":[31,44,1,57],"tags":[],"class_list":["post-137017","post","type-post","status-publish","format-standard","has-post-thumbnail","hentry","category-basquet","category-inferiores-basquet","category-portada","category-torneo-federal"],"jetpack_featured_media_url":"https:\/\/i0.wp.com\/cdnoticias.com\/wp-content\/uploads\/2024\/05\/Federal-Fortmativo-Racing-vs-Pacifico-8.jpg?fit=1280%2C853&ssl=1","jetpack_sharing_enabled":true,"_links":{"self":[{"href":"https:\/\/cdnoticias.com\/index.php\/wp-json\/wp\/v2\/posts\/137017","targetHints":{"allow":["GET"]}}],"collection":[{"href":"https:\/\/cdnoticias.com\/index.php\/wp-json\/wp\/v2\/posts"}],"about":[{"href":"https:\/\/cdnoticias.com\/index.php\/wp-json\/wp\/v2\/types\/post"}],"author":[{"embeddable":true,"href":"https:\/\/cdnoticias.com\/index.php\/wp-json\/wp\/v2\/users\/96739694"}],"replies":[{"embeddable":true,"href":"https:\/\/cdnoticias.com\/index.php\/wp-json\/wp\/v2\/comments?post=137017"}],"version-history":[{"count":0,"href":"https:\/\/cdnoticias.com\/index.php\/wp-json\/wp\/v2\/posts\/137017\/revisions"}],"wp:featuredmedia":[{"embeddable":true,"href":"https:\/\/cdnoticias.com\/index.php\/wp-json\/wp\/v2\/media\/161738"}],"wp:attachment":[{"href":"https:\/\/cdnoticias.com\/index.php\/wp-json\/wp\/v2\/media?parent=137017"}],"wp:term":[{"taxonomy":"category","embeddable":true,"href":"https:\/\/cdnoticias.com\/index.php\/wp-json\/wp\/v2\/categories?post=137017"},{"taxonomy":"post_tag","embeddable":true,"href":"https:\/\/cdnoticias.com\/index.php\/wp-json\/wp\/v2\/tags?post=137017"}],"curies":[{"name":"wp","href":"https:\/\/api.w.org\/{rel}","templated":true}]}}