{"id":136993,"date":"2024-06-24T17:50:10","date_gmt":"2024-06-24T20:50:10","guid":{"rendered":"https:\/\/centraldeportes.com.ar\/?p=52674"},"modified":"2025-02-13T17:52:17","modified_gmt":"2025-02-13T20:52:17","slug":"racing-recordo-los-ascensos-con-una-exitosa-cena","status":"publish","type":"post","link":"https:\/\/cdnoticias.com\/index.php\/2024\/06\/24\/racing-recordo-los-ascensos-con-una-exitosa-cena\/","title":{"rendered":"Racing record\u00f3 los ascensos con una exitosa cena"},"content":{"rendered":"<p>Durante la noche del pasado s\u00e1bado se llev\u00f3 a cabo la &#8220;Cena de los Ascensos&#8221; organizada por Racing y con motivo de conmemorar las \u00e9pocas de gloria del f\u00fatbol &#8220;Chaira&#8221;.<!--more--><\/p>\n<hr \/>\n<p>El evento que busc\u00f3 distinguir a jugadores y dirigentes que formaron parte de los planteles de 2005 y 2011, a\u00f1os en los que Racing Club de Olavarr\u00eda ascendi\u00f3 al Torneo Federal A cont\u00f3 con una buena cantidad de asistentes que recordaron los mejores momentos del f\u00fatbol de la entidad.<\/p>\n<p>&nbsp;<\/p>\n<p>La bienvenida al encuentro entre futbolistas, dirigentes, hinchas y allegados, comenz\u00f3\u00a0con las palabras del Presidente de la Comisi\u00f3n Directiva Hugo Fayan\u00e1s quien agradeci\u00f3 a los presentes por formar parte de esta noche especial y a todas las familias chairas que apoyan d\u00eda a d\u00eda al club.<\/p>\n<p>&nbsp;<\/p>\n<p>M\u00e1s tarde y luego de disfrutar de una cena con servicio de c\u00e1tering a cargo de la subcomisi\u00f3n de V\u00f3ley Racing Club, se llevaron adelante las distinciones.<\/p>\n<p>&nbsp;<\/p>\n<p>Primero se invit\u00f3 a todo el plantel y cuerpo t\u00e9cnico de Racing 2005, quienes de la mano de Pablo Palahy y Fabian Casanella -ambos periodistas que acompa\u00f1aron en el ascenso al club- tuvieron su momento para decir unas palabras ante los presentes.<\/p>\n<p>&nbsp;<\/p>\n<p>M\u00e1s tarde tambi\u00e9n fue el momento de los jugadores del 2011, plantel compuesto por algunos deportistas que incluso hoy contin\u00faan desempe\u00f1\u00e1ndose en el club. David Garc\u00eda Lorenzo, capit\u00e1n en el 2011 y actual Director T\u00e9cnico de la primera y reserva masculina, aprovech\u00f3 primero para agradecer a sus compa\u00f1eros y luego instar a todos los chairas a acompa\u00f1ar a este equipo que en el presente \u201cest\u00e1 dejando todo para volver a vivir esa \u00e9poca de gloria\u201d.<\/p>\n<p>&nbsp;<\/p>\n<div class=\"tiled-gallery type-rectangular tiled-gallery-unresized\" data-original-width=\"800\" data-carousel-extra='null' itemscope itemtype=\"http:\/\/schema.org\/ImageGallery\" > <div class=\"gallery-row\" style=\"width: 800px; height: 601px;\" data-original-width=\"800\" data-original-height=\"601\" > <div class=\"gallery-group images-1\" style=\"width: 800px; height: 601px;\" data-original-width=\"800\" data-original-height=\"601\" > <div class=\"tiled-gallery-item tiled-gallery-item-large\" itemprop=\"associatedMedia\" itemscope itemtype=\"http:\/\/schema.org\/ImageObject\"> <a href=\"https:\/\/i0.wp.com\/cdnoticias.com\/wp-content\/uploads\/2022\/04\/WhatsApp-Image-2022-04-24-at-6.41.59-PM.jpeg?ssl=1\" border=\"0\" itemprop=\"url\"> <meta itemprop=\"width\" content=\"796\"> <meta itemprop=\"height\" content=\"597\"> <img decoding=\"async\" class=\"\" data-attachment-id=\"52676\" data-orig-file=\"https:\/\/cdnoticias.com\/wp-content\/uploads\/2022\/04\/WhatsApp-Image-2022-04-24-at-6.41.59-PM.jpeg\" data-orig-size=\"1600,1200\" data-comments-opened=\"\" data-image-meta=\"{&quot;aperture&quot;:&quot;0&quot;,&quot;credit&quot;:&quot;&quot;,&quot;camera&quot;:&quot;&quot;,&quot;caption&quot;:&quot;&quot;,&quot;created_timestamp&quot;:&quot;0&quot;,&quot;copyright&quot;:&quot;&quot;,&quot;focal_length&quot;:&quot;0&quot;,&quot;iso&quot;:&quot;0&quot;,&quot;shutter_speed&quot;:&quot;0&quot;,&quot;title&quot;:&quot;&quot;,&quot;orientation&quot;:&quot;0&quot;}\" data-image-title=\"WhatsApp Image 2022-04-24 at 6.41.59 PM\" data-image-description=\"\" data-medium-file=\"https:\/\/i0.wp.com\/cdnoticias.com\/wp-content\/uploads\/2022\/04\/WhatsApp-Image-2022-04-24-at-6.41.59-PM.jpeg?fit=300%2C225&#038;ssl=1\" data-large-file=\"https:\/\/i0.wp.com\/cdnoticias.com\/wp-content\/uploads\/2022\/04\/WhatsApp-Image-2022-04-24-at-6.41.59-PM.jpeg?fit=800%2C600&#038;ssl=1\" src=\"https:\/\/i0.wp.com\/cdnoticias.com\/wp-content\/uploads\/2022\/04\/WhatsApp-Image-2022-04-24-at-6.41.59-PM.jpeg?w=796&#038;h=597&#038;ssl=1\" srcset=\"https:\/\/i0.wp.com\/cdnoticias.com\/wp-content\/uploads\/2022\/04\/WhatsApp-Image-2022-04-24-at-6.41.59-PM.jpeg?w=1600&amp;ssl=1 1600w, https:\/\/i0.wp.com\/cdnoticias.com\/wp-content\/uploads\/2022\/04\/WhatsApp-Image-2022-04-24-at-6.41.59-PM.jpeg?resize=300%2C225&amp;ssl=1 300w, https:\/\/i0.wp.com\/cdnoticias.com\/wp-content\/uploads\/2022\/04\/WhatsApp-Image-2022-04-24-at-6.41.59-PM.jpeg?resize=1024%2C768&amp;ssl=1 1024w, https:\/\/i0.wp.com\/cdnoticias.com\/wp-content\/uploads\/2022\/04\/WhatsApp-Image-2022-04-24-at-6.41.59-PM.jpeg?resize=768%2C576&amp;ssl=1 768w, https:\/\/i0.wp.com\/cdnoticias.com\/wp-content\/uploads\/2022\/04\/WhatsApp-Image-2022-04-24-at-6.41.59-PM.jpeg?resize=1536%2C1152&amp;ssl=1 1536w\" width=\"796\" height=\"597\" loading=\"lazy\" data-original-width=\"796\" data-original-height=\"597\" itemprop=\"http:\/\/schema.org\/image\" title=\"WhatsApp Image 2022-04-24 at 6.41.59 PM\" alt=\"WhatsApp Image 2022-04-24 at 6.41.59 PM\" style=\"width: 796px; height: 597px;\" \/> <\/a> <\/div> <\/div> <!-- close group --> <\/div> <!-- close row --> <\/div>\n<p>&nbsp;<\/p>\n<p>El representante del Departamento de F\u00fatbol Mario Giacomaso tambi\u00e9n se expres\u00f3 ante el p\u00fablico para agradecer tanto al departamento como a la Comisi\u00f3n Directiva por el trabajo en conjunto no solo para llevar a cabo esta cena especial, sino tambi\u00e9n por el trabajo diario por y para el bienestar del club y sus socios.<\/p>\n<p>&nbsp;<\/p>\n<p>La noche cerr\u00f3 con brindis, baile y m\u00fasica para celebrar los a\u00f1os de gloria y pensar en un futuro lleno de nuevos ascensos para el club.<\/p>\n","protected":false},"excerpt":{"rendered":"<p>Durante la noche del pasado s\u00e1bado se llev\u00f3 a cabo la &#8220;Cena de los Ascensos&#8221; organizada por Racing y con<\/p>\n","protected":false},"author":96739694,"featured_media":161672,"comment_status":"closed","ping_status":"closed","sticky":false,"template":"","format":"standard","meta":{"_jetpack_memberships_contains_paid_content":false,"footnotes":""},"categories":[35,1],"tags":[],"class_list":["post-136993","post","type-post","status-publish","format-standard","has-post-thumbnail","hentry","category-futbol","category-portada"],"jetpack_featured_media_url":"https:\/\/i0.wp.com\/cdnoticias.com\/wp-content\/uploads\/2024\/06\/Cena-de-los-Ascensos-01.jpeg?fit=1280%2C960&ssl=1","jetpack_sharing_enabled":true,"_links":{"self":[{"href":"https:\/\/cdnoticias.com\/index.php\/wp-json\/wp\/v2\/posts\/136993","targetHints":{"allow":["GET"]}}],"collection":[{"href":"https:\/\/cdnoticias.com\/index.php\/wp-json\/wp\/v2\/posts"}],"about":[{"href":"https:\/\/cdnoticias.com\/index.php\/wp-json\/wp\/v2\/types\/post"}],"author":[{"embeddable":true,"href":"https:\/\/cdnoticias.com\/index.php\/wp-json\/wp\/v2\/users\/96739694"}],"replies":[{"embeddable":true,"href":"https:\/\/cdnoticias.com\/index.php\/wp-json\/wp\/v2\/comments?post=136993"}],"version-history":[{"count":0,"href":"https:\/\/cdnoticias.com\/index.php\/wp-json\/wp\/v2\/posts\/136993\/revisions"}],"wp:featuredmedia":[{"embeddable":true,"href":"https:\/\/cdnoticias.com\/index.php\/wp-json\/wp\/v2\/media\/161672"}],"wp:attachment":[{"href":"https:\/\/cdnoticias.com\/index.php\/wp-json\/wp\/v2\/media?parent=136993"}],"wp:term":[{"taxonomy":"category","embeddable":true,"href":"https:\/\/cdnoticias.com\/index.php\/wp-json\/wp\/v2\/categories?post=136993"},{"taxonomy":"post_tag","embeddable":true,"href":"https:\/\/cdnoticias.com\/index.php\/wp-json\/wp\/v2\/tags?post=136993"}],"curies":[{"name":"wp","href":"https:\/\/api.w.org\/{rel}","templated":true}]}}