{"id":13699,"date":"2021-02-13T21:19:56","date_gmt":"2021-02-14T00:19:56","guid":{"rendered":"http:\/\/www.centraldenoticias.com.ar\/?p=13699"},"modified":"2021-02-13T21:19:56","modified_gmt":"2021-02-14T00:19:56","slug":"carnaval-olavarria-2021-todo-listo-para-una-noche-a-puro-color","status":"publish","type":"post","link":"https:\/\/cdnoticias.com\/index.php\/2021\/02\/13\/carnaval-olavarria-2021-todo-listo-para-una-noche-a-puro-color\/","title":{"rendered":"Carnaval Olavarr\u00eda 2021: todo listo para una noche a puro color"},"content":{"rendered":"<p class=\"western\">La propuesta que impulsa el Foro Olavarr\u00eda ser\u00e1 emitida este domingo a las 21 horas. Desde el espacio aseguraron que ya se encuentran listos todos los detalles. Los artistas, la conducci\u00f3n y el rol de los espectadores.<!--more--><\/p>\n<hr \/>\n<p class=\"western\">La <strong>celebraci\u00f3n virtual de los carnavales 2021<\/strong>, impulsada por el Foro Olavarr\u00eda, ya cuenta con<strong> todos los preparativos listos<\/strong> para una noche con mucho ritmo y alegr\u00eda.<\/p>\n<p class=\"western\">El <strong>\u201cVIVO El Carnaval Olavarr\u00eda 2021\u201d<\/strong> ser\u00e1 transmitido<strong> este domingo a las 21 horas<\/strong> por las plataformas de <strong>Facebook Live y YouTube<\/strong>. A trav\u00e9s de los siguientes enlaces se podr\u00e1 disfrutar de esta innovadora propuesta:\u00a0<a href=\"https:\/\/m.facebook.com\/story.php?story_fbid=877534062815247&amp;id=252972125271447\" target=\"_blank\" rel=\"noopener\">Facebook Live<\/a> y\u00a0<a href=\"https:\/\/youtu.be\/xGr-gjGD2bo\" target=\"_blank\" rel=\"noopener\">YouTube<\/a>.<\/p>\n<p class=\"western\">La <strong>organizaci\u00f3n general fue impulsada por Foro Olavarr\u00eda<\/strong>, el espacio conducido por el concejal Eduardo Rodr\u00edguez y la concejala In\u00e9s Creimer.<\/p>\n<p><img data-recalc-dims=\"1\" loading=\"lazy\" decoding=\"async\" class=\"aligncenter wp-image-13701\" src=\"https:\/\/i0.wp.com\/cdnoticias.com\/wp-content\/uploads\/2021\/02\/carnaval-foro-olavarria-1.jpeg?resize=500%2C590&#038;ssl=1\" alt=\"\" width=\"500\" height=\"590\" srcset=\"https:\/\/i0.wp.com\/cdnoticias.com\/wp-content\/uploads\/2021\/02\/carnaval-foro-olavarria-1.jpeg?resize=254%2C300&amp;ssl=1 254w, https:\/\/i0.wp.com\/cdnoticias.com\/wp-content\/uploads\/2021\/02\/carnaval-foro-olavarria-1.jpeg?resize=768%2C907&amp;ssl=1 768w, https:\/\/i0.wp.com\/cdnoticias.com\/wp-content\/uploads\/2021\/02\/carnaval-foro-olavarria-1.jpeg?resize=867%2C1024&amp;ssl=1 867w, https:\/\/i0.wp.com\/cdnoticias.com\/wp-content\/uploads\/2021\/02\/carnaval-foro-olavarria-1.jpeg?w=1084&amp;ssl=1 1084w\" sizes=\"auto, (max-width: 500px) 100vw, 500px\" \/><\/p>\n<p class=\"western\"><strong>El show<\/strong><\/p>\n<p class=\"western\"><strong>El Carnaval Olavarr\u00eda 2021 promete color para toda la familia.<\/strong><\/p>\n<p class=\"western\">En total son <strong>11 las agrupaciones que participar\u00e1n<\/strong> a trav\u00e9s de material audiovisual, poniendo todo el ritmo a esta tradici\u00f3n popular que, debido a la pandemia, tuvo que adaptarse a la virtualidad.<\/p>\n<p class=\"western\">Con el orden ya definido, la lista de los grupos que ser\u00e1n protagonistas de este streaming qued\u00f3 de la siguiente manera:<\/p>\n<p>1- Mechongu\u00e9<\/p>\n<p>2 &#8211; Sambos Caporales<\/p>\n<p>3 &#8211; Madame L\u00fa<\/p>\n<p>4 &#8211; Caporales de Coraz\u00f3n<\/p>\n<p>5 &#8211; Bancate la Pelusa<\/p>\n<p>6 &#8211; Daii Yar\u00e1<\/p>\n<p>7 &#8211; Arrebatando L\u00e1grimas<\/p>\n<p>8 &#8211; Comodines de Febrero<\/p>\n<p>9 &#8211; Insaciables<\/p>\n<p>10 &#8211; La Nueva Bater\u00eda VIP<\/p>\n<p>11 &#8211; Bah\u00eda Ba<\/p>\n<p>La <strong>conducci\u00f3n del evento estar\u00e1 a cargo de grandes voces de Olavarr\u00eda<\/strong>. Luis Donatelli, Sebasti\u00e1n Bonavetti y Marcelo Manolio ser\u00e1n los encargados de la locuci\u00f3n de este show plagado de talentos y buenas vibras.<\/p>\n<p class=\"western\">A su vez, las agrupaciones estar\u00e1n representadas por dos referentes quienes tendr\u00e1n la posibilidad de realizar entrevistas con los respectivos conductores.<\/p>\n<p class=\"western\"><img data-recalc-dims=\"1\" loading=\"lazy\" decoding=\"async\" class=\"aligncenter wp-image-13700\" src=\"https:\/\/i0.wp.com\/cdnoticias.com\/wp-content\/uploads\/2021\/02\/carnaval-foro-olavarria-2.jpeg?resize=500%2C583&#038;ssl=1\" alt=\"\" width=\"500\" height=\"583\" srcset=\"https:\/\/i0.wp.com\/cdnoticias.com\/wp-content\/uploads\/2021\/02\/carnaval-foro-olavarria-2.jpeg?resize=257%2C300&amp;ssl=1 257w, https:\/\/i0.wp.com\/cdnoticias.com\/wp-content\/uploads\/2021\/02\/carnaval-foro-olavarria-2.jpeg?resize=768%2C895&amp;ssl=1 768w, https:\/\/i0.wp.com\/cdnoticias.com\/wp-content\/uploads\/2021\/02\/carnaval-foro-olavarria-2.jpeg?resize=878%2C1024&amp;ssl=1 878w, https:\/\/i0.wp.com\/cdnoticias.com\/wp-content\/uploads\/2021\/02\/carnaval-foro-olavarria-2.jpeg?w=1098&amp;ssl=1 1098w\" sizes=\"auto, (max-width: 500px) 100vw, 500px\" \/><\/p>\n<p><strong>Sub\u00ed tu foto y participa de sorteos<\/strong><\/p>\n<p><strong>El p\u00fablico tambi\u00e9n tendr\u00e1 un rol protag\u00f3nico<\/strong> en el \u201cVIVO El Carnaval Olavarr\u00eda 2021\u201d: la participaci\u00f3n de los espectadores aparece como punto fuerte de la transmisi\u00f3n de este domingo.<\/p>\n<p class=\"western\">Aquellos que <strong>compartan su foto disfrazados para la ocasi\u00f3n<\/strong> participar\u00e1n de sorteos por importantes premios: <strong>un parlante port\u00e1til Philco y un parlante sumergible Boompods<\/strong>.<\/p>\n<p class=\"western\">Para formar parte del sorteo deber\u00e1n <strong>enviar su fotograf\u00eda al WhatsApp del Foro Olavarr\u00eda 2284 554873<\/strong>, o etiquetando al espacio en <strong>Instagram mediante el hashtag #VIVOElCarnaval<\/strong>.<\/p>\n<p>Para m\u00e1s informaci\u00f3n pueden acercarse a la Casa Eduardo \u201cChino\u201d Correa, en Belgrano 3222. O contactarse a trav\u00e9s de las v\u00edas de comunicaci\u00f3n disponibles.\u00a0WhatsApp: 2284 554873; e-Mail foroolavarria@gmail.com; sitio web\u00a0www.foroolavarria.org.<\/p>\n","protected":false},"excerpt":{"rendered":"<p>La propuesta que impulsa el Foro Olavarr\u00eda ser\u00e1 emitida este domingo a las 21 horas. Desde el espacio aseguraron que<\/p>\n","protected":false},"author":4,"featured_media":13234,"comment_status":"closed","ping_status":"closed","sticky":false,"template":"","format":"standard","meta":{"_jetpack_memberships_contains_paid_content":false,"footnotes":""},"categories":[9,1],"tags":[],"class_list":["post-13699","post","type-post","status-publish","format-standard","has-post-thumbnail","hentry","category-cultura","category-portada"],"jetpack_featured_media_url":"https:\/\/i0.wp.com\/cdnoticias.com\/wp-content\/uploads\/2021\/02\/carnaval-2021.jpg?fit=1024%2C683&ssl=1","jetpack_sharing_enabled":true,"_links":{"self":[{"href":"https:\/\/cdnoticias.com\/index.php\/wp-json\/wp\/v2\/posts\/13699","targetHints":{"allow":["GET"]}}],"collection":[{"href":"https:\/\/cdnoticias.com\/index.php\/wp-json\/wp\/v2\/posts"}],"about":[{"href":"https:\/\/cdnoticias.com\/index.php\/wp-json\/wp\/v2\/types\/post"}],"author":[{"embeddable":true,"href":"https:\/\/cdnoticias.com\/index.php\/wp-json\/wp\/v2\/users\/4"}],"replies":[{"embeddable":true,"href":"https:\/\/cdnoticias.com\/index.php\/wp-json\/wp\/v2\/comments?post=13699"}],"version-history":[{"count":0,"href":"https:\/\/cdnoticias.com\/index.php\/wp-json\/wp\/v2\/posts\/13699\/revisions"}],"wp:featuredmedia":[{"embeddable":true,"href":"https:\/\/cdnoticias.com\/index.php\/wp-json\/wp\/v2\/media\/13234"}],"wp:attachment":[{"href":"https:\/\/cdnoticias.com\/index.php\/wp-json\/wp\/v2\/media?parent=13699"}],"wp:term":[{"taxonomy":"category","embeddable":true,"href":"https:\/\/cdnoticias.com\/index.php\/wp-json\/wp\/v2\/categories?post=13699"},{"taxonomy":"post_tag","embeddable":true,"href":"https:\/\/cdnoticias.com\/index.php\/wp-json\/wp\/v2\/tags?post=13699"}],"curies":[{"name":"wp","href":"https:\/\/api.w.org\/{rel}","templated":true}]}}