{"id":136989,"date":"2024-06-23T20:17:06","date_gmt":"2024-06-23T23:17:06","guid":{"rendered":"https:\/\/centraldeportes.com.ar\/?p=52660"},"modified":"2025-02-13T17:52:24","modified_gmt":"2025-02-13T20:52:24","slug":"el-fortin-con-lo-justo-quedo-a-mano-con-bull-dog","status":"publish","type":"post","link":"https:\/\/cdnoticias.com\/index.php\/2024\/06\/23\/el-fortin-con-lo-justo-quedo-a-mano-con-bull-dog\/","title":{"rendered":"El Fort\u00edn, con lo justo, qued\u00f3 a mano con Bull Dog"},"content":{"rendered":"\n<div class=\"wp-block-group is-layout-constrained wp-block-group-is-layout-constrained\">\n<p>Con ambos gritos de penal, la ida de octavos de final del Torneo Uni\u00f3n Deportiva Regional fue empate 1 a 1 entre el \u201cFortinero\u201d y \u201cEl Perro\u201d en el Estadio Ricardo S\u00e1nchez.<!--more--><\/p>\n<hr \/>\n<p>Este domingo por la tarde, <strong>en la continuidad de los octavos de final del Torneo que organiza la Uni\u00f3n Deportiva Regional, El Fort\u00edn igual\u00f3 1 a 1 con Bull Dog de Daireaux en el c\u00e9sped del Estadio Ricardo S\u00e1nchez<\/strong>. Sin dudas, los de Ram\u00edrez no la tuvieron para nada f\u00e1cil ante el mejor clasificado de la Liga de Bol\u00edvar.<\/p>\n<p>\u00a0<\/p>\n<p>Sobre el cierre de la primera parte, lo comenz\u00f3 ganando el combinado \u201cFortinero\u201d con gol de <strong>Emiliano de Piecenti<\/strong> de penal y, por la misma v\u00eda, lo igual\u00f3 <strong>Alexandro Ben\u00edtez<\/strong> para \u201cEl Perro\u201d en la etapa complementaria.<\/p>\n<p>\u00a0<\/p>\n<ul>\n<li>\n<h6><strong>El partido<\/strong><\/h6>\n<\/li>\n<\/ul>\n<p>\u00a0<\/p>\n<p>Demasiado equitativas fueron las acciones hasta los primeros 20\u2019, aunque varias intervenciones dieron cuenta del partido duro, friccionado y f\u00edsico que fue. El Fort\u00edn logr\u00f3 hacer pie ganando en la mitad de la cancha y rompi\u00f3 la monoton\u00eda con un peligroso cabezazo de Garrido que alcanz\u00f3 a detener Coronel, el joven arquero de Bull Dog de 17 a\u00f1os.<\/p>\n<p>\u00a0<\/p>\n<p>A pesar de que la pelota pas\u00f3 poco por los generadores de juego, el equipo de Ram\u00edrez se las arregl\u00f3 para irrumpir el bloque defensivo que impuso \u201cEl Perro\u201d, pero le falt\u00f3 profundidad en cada situaci\u00f3n manifiesta que hilvan\u00f3.<\/p>\n<p>\u00a0<\/p>\n<p>Sufri\u00f3 a los 32\u2019, ante la situaci\u00f3n m\u00e1s clara que armaron los de Cuello en la primera mitad. Trejo se desprendi\u00f3 por izquierda, busc\u00f3 el centro bajo y no lleg\u00f3 a puntearla Caba\u00f1as con el arco de frente. Sin embargo, sobre el cierre del per\u00edodo, arrib\u00f3 la apertura del marcador en el S\u00e1nchez.<\/p>\n<p>\u00a0<\/p>\n<p>[soliloquy id=&#8221;52640&#8243;]<\/p>\n<p>\u00a0<\/p>\n<p>Antes, en el minuto 45\u2019, Coronel le ataj\u00f3 una clara ocasi\u00f3n a Emiliano Piecenti. <strong>En la acci\u00f3n siguiente, Alanis toc\u00f3 a la pasada a Teves, Armendano pit\u00f3 la pena m\u00e1xima sin dudarlo y, a los 49\u2019, el \u201cConejo\u201d intercambi\u00f3 el penal por gol para irse al descanso con la ventaja en el bolsillo<\/strong>.<\/p>\n<p>\u00a0<\/p>\n<p>Posteriormente, todo lo bueno que mostr\u00f3 El Fort\u00edn en la primera parte, se opac\u00f3 con el desempe\u00f1o mostrado en el segundo tiempo. Es que Bull Dog tom\u00f3 las riendas del cotejo decidido a encontrar la paridad, manej\u00f3 la pelota a su gusto y oblig\u00f3 a los de Ram\u00edrez a defender cerca de su arco.<\/p>\n<p>\u00a0<\/p>\n<p>Y \u201cEl Perro\u201d tuvo su premio. <strong>Previa jugada preparada, una mano de Barrientos en zona de peligro fue sin\u00f3nimo de penal para el \u00e1rbitro principal y Alexandro Ben\u00edtez, con excelente definici\u00f3n, se la cambi\u00f3 de palo a Piecenti a los 61\u2019 para el 1 a 1<\/strong>.<\/p>\n<p>\u00a0<\/p>\n<p>Tras la igualdad, el elenco de la avenida Urquiza no consigui\u00f3 reaccionar, el arco se le hizo cada vez m\u00e1s lejos y termin\u00f3 sufriendo en el tramo final del partido, en conjunto con las buenas intervenciones de \u201cFacu\u201d Piecenti que, en la \u00faltima bola, le ahog\u00f3 el grito a Vides luego de notable contragolpe ejecutado por la visita.<\/p>\n<p>\u00a0<\/p>\n<p><strong>En definitiva, fue un justo empate en el Ricardo S\u00e1nchez<\/strong>. Con un tiempo para cada uno en los primeros noventa minutos,<strong> la serie se resolver\u00e1 el pr\u00f3ximo fin de semana con el duelo revancha a disputarse en Daireaux<\/strong>. A su vez, el ganador de la llave se enfrentar\u00e1 al ganador de Boca de Azul y Lil\u00e1n de Laprida.<\/p>\n<p>\u00a0<\/p>\n<p><strong>S\u00edntesis El Fort\u00edn \u2013 Bull Dog (Daireaux): \u00a0<\/strong><\/p>\n<p><strong>El Fort\u00edn (1):<\/strong> Facundo Piecenti; Emanuel Teves (C. Echarri), Andr\u00e9s Ilekis, Manuel Garrido, Enzo Barrientos; Marcos Bonavetti (T. L\u00f3pez), Bernardo Junger, Ariel Tolosa (G. Bravo), Edgardo Maldonado; Ra\u00fal Tortorella (L. Benito) y Emiliano Piecenti. DT: N\u00e9stor Ram\u00edrez.<\/p>\n<p><strong>Bull Dog (1): <\/strong>Juan Bautista Coronel; Luciano Schiebelbain, Renzo Cordero, Braian Devigo, Demian Alanis; Joaqu\u00edn Encalado (L. Vides), Juan Sena, Lautaro Barros, Tob\u00edas Trejo (M. Di Paula); Alexandro Ben\u00edtez y Rafael Caba\u00f1as. DT: Diego Cuello.<\/p>\n<p><strong>Goles<\/strong>: 45min (+4) PT Emiliano Piecenti \u2013 p \u2013 (EF); 16min ST Alexandro Ben\u00edtez \u2013 p \u2013 (BD).<\/p>\n<p><strong>Amonestados<\/strong>: Garrido (El Fort\u00edn); Cordero (Bull Dog).<\/p>\n<p><strong>Expulsados<\/strong>: No hubo.<\/p>\n<p><strong>\u00c1rbitro<\/strong>: Juan Armendano (Laprida). <strong>Estadio<\/strong>: Ricardo S\u00e1nchez.<\/p>\n<\/div>\n","protected":false},"excerpt":{"rendered":"<p>Con ambos gritos de penal, la ida de octavos de final del Torneo Uni\u00f3n Deportiva Regional fue empate 1 a<\/p>\n","protected":false},"author":96739694,"featured_media":161681,"comment_status":"closed","ping_status":"closed","sticky":false,"template":"","format":"standard","meta":{"_jetpack_memberships_contains_paid_content":false,"footnotes":""},"categories":[35,1,41],"tags":[],"class_list":["post-136989","post","type-post","status-publish","format-standard","has-post-thumbnail","hentry","category-futbol","category-portada","category-primera-y-reserva"],"jetpack_featured_media_url":"https:\/\/i0.wp.com\/cdnoticias.com\/wp-content\/uploads\/2024\/06\/fortin-bulldog-turd-12.jpg?fit=1280%2C853&ssl=1","jetpack_sharing_enabled":true,"_links":{"self":[{"href":"https:\/\/cdnoticias.com\/index.php\/wp-json\/wp\/v2\/posts\/136989","targetHints":{"allow":["GET"]}}],"collection":[{"href":"https:\/\/cdnoticias.com\/index.php\/wp-json\/wp\/v2\/posts"}],"about":[{"href":"https:\/\/cdnoticias.com\/index.php\/wp-json\/wp\/v2\/types\/post"}],"author":[{"embeddable":true,"href":"https:\/\/cdnoticias.com\/index.php\/wp-json\/wp\/v2\/users\/96739694"}],"replies":[{"embeddable":true,"href":"https:\/\/cdnoticias.com\/index.php\/wp-json\/wp\/v2\/comments?post=136989"}],"version-history":[{"count":0,"href":"https:\/\/cdnoticias.com\/index.php\/wp-json\/wp\/v2\/posts\/136989\/revisions"}],"wp:featuredmedia":[{"embeddable":true,"href":"https:\/\/cdnoticias.com\/index.php\/wp-json\/wp\/v2\/media\/161681"}],"wp:attachment":[{"href":"https:\/\/cdnoticias.com\/index.php\/wp-json\/wp\/v2\/media?parent=136989"}],"wp:term":[{"taxonomy":"category","embeddable":true,"href":"https:\/\/cdnoticias.com\/index.php\/wp-json\/wp\/v2\/categories?post=136989"},{"taxonomy":"post_tag","embeddable":true,"href":"https:\/\/cdnoticias.com\/index.php\/wp-json\/wp\/v2\/tags?post=136989"}],"curies":[{"name":"wp","href":"https:\/\/api.w.org\/{rel}","templated":true}]}}