{"id":136969,"date":"2024-06-20T11:34:10","date_gmt":"2024-06-20T14:34:10","guid":{"rendered":"https:\/\/centraldeportes.com.ar\/?p=52513"},"modified":"2025-02-13T17:51:24","modified_gmt":"2025-02-13T20:51:24","slug":"mario-paterno-inicio-su-segundo-mandato-en-la-liga-de-futbol-de-olavarria","status":"publish","type":"post","link":"https:\/\/cdnoticias.com\/index.php\/2024\/06\/20\/mario-paterno-inicio-su-segundo-mandato-en-la-liga-de-futbol-de-olavarria\/","title":{"rendered":"Mario Patern\u00f3 inici\u00f3 su segundo mandato en la Liga de F\u00fatbol de Olavarr\u00eda"},"content":{"rendered":"\n<div class=\"wp-block-group is-layout-constrained wp-block-group-is-layout-constrained\">\n<p>El ex jugador fue designado presidente este \u00faltimo mi\u00e9rcoles durante la Asamblea General Ordinaria realizada en la entidad liguista.<!--more--><\/p>\n<hr \/>\n<p><strong>Mario C\u00e9sar Patern\u00f3<\/strong> asumi\u00f3, una vez m\u00e1s, la conducci\u00f3n de la <strong>Liga de F\u00fatbol de Olavarr\u00eda<\/strong> luego de la Asamblea General Ordinaria realizada este pasado mi\u00e9rcoles en la sede de la entidad.<\/p>\n<p>\u00a0<\/p>\n<p><strong>Ser\u00e1 el segundo ciclo del ex jugador al mando de la LFO<\/strong> tras su paso entre 2018 y 2020. Tambi\u00e9n integr\u00f3 la vicepresidencia en los per\u00edodos de Javier Fr\u00edas y Pablo Palahy.<\/p>\n<p>\u00a0<\/p>\n<p><img data-recalc-dims=\"1\" loading=\"lazy\" decoding=\"async\" class=\"aligncenter size-full wp-image-52515\" src=\"https:\/\/i0.wp.com\/cdnoticias.com\/wp-content\/uploads\/2024\/06\/Mario-Paterno-presidente-LFO-2024-e1718894016200.jpg?resize=800%2C530&#038;ssl=1\" alt=\"\" width=\"800\" height=\"530\" \/><\/p>\n<p>\u00a0<\/p>\n<p>Adem\u00e1s de la elecci\u00f3n de Patern\u00f3, que fue lista \u00fanica, durante la Asamblea se aprob\u00f3 Memoria y Balance de la gesti\u00f3n saliente.<\/p>\n<p>\u00a0<\/p>\n<p>En su ejercicio estar\u00e1 acompa\u00f1ado por <strong>Miguel Bettili<\/strong> en la vicepresidencia,<strong> Luis \u00c1lvarez<\/strong> ser\u00e1 el Secretario y <strong>Silvio Lagrave<\/strong> cumplir\u00e1 el rol de tesorero. A su vez, <strong>Franco Collodoro<\/strong> estar\u00e1 a cargo del Departamento de F\u00fatbol Menor, <strong>Natalia Callegaro<\/strong> coordinar\u00e1 el f\u00fatbol Formativo Femenino y <strong>Mart\u00edn Mendoza<\/strong> se convirti\u00f3 en el nuevo titular de la Divisional B.<\/p>\n<p>\u00a0<\/p>\n<p><em><strong>Fotos: Gentileza de Anah\u00ed Lemma.<\/strong><\/em><\/p>\n<\/div>\n","protected":false},"excerpt":{"rendered":"<p>El ex jugador fue designado presidente este \u00faltimo mi\u00e9rcoles durante la Asamblea General Ordinaria realizada en la entidad liguista. El<\/p>\n","protected":false},"author":96739694,"featured_media":161624,"comment_status":"closed","ping_status":"closed","sticky":false,"template":"","format":"standard","meta":{"_jetpack_memberships_contains_paid_content":false,"footnotes":""},"categories":[35,1,41],"tags":[],"class_list":["post-136969","post","type-post","status-publish","format-standard","has-post-thumbnail","hentry","category-futbol","category-portada","category-primera-y-reserva"],"jetpack_featured_media_url":"https:\/\/i0.wp.com\/cdnoticias.com\/wp-content\/uploads\/2024\/06\/Mario-Paterno-presidente-LFO-2024a-e1718893978752.jpg?fit=1000%2C663&ssl=1","jetpack_sharing_enabled":true,"_links":{"self":[{"href":"https:\/\/cdnoticias.com\/index.php\/wp-json\/wp\/v2\/posts\/136969","targetHints":{"allow":["GET"]}}],"collection":[{"href":"https:\/\/cdnoticias.com\/index.php\/wp-json\/wp\/v2\/posts"}],"about":[{"href":"https:\/\/cdnoticias.com\/index.php\/wp-json\/wp\/v2\/types\/post"}],"author":[{"embeddable":true,"href":"https:\/\/cdnoticias.com\/index.php\/wp-json\/wp\/v2\/users\/96739694"}],"replies":[{"embeddable":true,"href":"https:\/\/cdnoticias.com\/index.php\/wp-json\/wp\/v2\/comments?post=136969"}],"version-history":[{"count":0,"href":"https:\/\/cdnoticias.com\/index.php\/wp-json\/wp\/v2\/posts\/136969\/revisions"}],"wp:featuredmedia":[{"embeddable":true,"href":"https:\/\/cdnoticias.com\/index.php\/wp-json\/wp\/v2\/media\/161624"}],"wp:attachment":[{"href":"https:\/\/cdnoticias.com\/index.php\/wp-json\/wp\/v2\/media?parent=136969"}],"wp:term":[{"taxonomy":"category","embeddable":true,"href":"https:\/\/cdnoticias.com\/index.php\/wp-json\/wp\/v2\/categories?post=136969"},{"taxonomy":"post_tag","embeddable":true,"href":"https:\/\/cdnoticias.com\/index.php\/wp-json\/wp\/v2\/tags?post=136969"}],"curies":[{"name":"wp","href":"https:\/\/api.w.org\/{rel}","templated":true}]}}