{"id":136963,"date":"2024-06-18T20:36:51","date_gmt":"2024-06-18T23:36:51","guid":{"rendered":"https:\/\/centraldeportes.com.ar\/?p=52492"},"modified":"2025-02-13T17:51:33","modified_gmt":"2025-02-13T20:51:33","slug":"con-un-golazo-de-cardillo-lanus-se-quedo-con-el-clasico-y-avanzo-a-semifinales","status":"publish","type":"post","link":"https:\/\/cdnoticias.com\/index.php\/2024\/06\/18\/con-un-golazo-de-cardillo-lanus-se-quedo-con-el-clasico-y-avanzo-a-semifinales\/","title":{"rendered":"Con un golazo de Cardillo, Lan\u00fas se qued\u00f3 con el cl\u00e1sico y avanz\u00f3 a semifinales"},"content":{"rendered":"<p>El volante surgido de Embajadores fue titular y le dio la victoria al \u201cGranate\u201d frente a Banfield, por los cuartos de final de la Copa Proyecci\u00f3n de Reserva AFA.<!--more--><\/p>\n<hr \/>\n<p>Este pasado lunes, <strong>Mauricio Cardillo<\/strong> <strong>se convirti\u00f3 en el h\u00e9roe de la jornada luego de convertir el tanto de la victoria para su equipo en el Cl\u00e1sico del Sur.<\/strong><\/p>\n<p>&nbsp;<\/p>\n<p>Por los cuartos de final de la Copa Proyecci\u00f3n,<strong> Lan\u00fas derrot\u00f3 2 a 1 a Banfield en \u201cLa Fortaleza\u201d<\/strong> y avanz\u00f3 a las semifinales del certamen de Reserva AFA.<\/p>\n<p>&nbsp;<\/p>\n<p>El \u201cGranate\u201d empez\u00f3 comandando las acciones con gol de Dylan Aquino en el adicional de la primera mitad. El \u201cTaladro\u201d lo empard\u00f3 a los 57\u2019 por intermedio de Federico Medina, pero minutos m\u00e1s tarde,<strong> a los 66\u2019, el volante olavarriense (fue titular) clav\u00f3 un lindo zapatazo desde la puerta del \u00e1rea para el 2 \u2013 1 definitivo<\/strong>.<\/p>\n<p>&nbsp;<\/p>\n<blockquote class=\"twitter-tweet\" data-width=\"550\" data-dnt=\"true\">\n<p lang=\"es\" dir=\"ltr\"><a href=\"https:\/\/twitter.com\/hashtag\/Lan%C3%BAsProyecci%C3%B3n?src=hash&amp;ref_src=twsrc%5Etfw\">#Lan\u00fasProyecci\u00f3n<\/a> ?? Mauri Cardillo para el 2-1 en el <a href=\"https:\/\/twitter.com\/hashtag\/Cl%C3%A1sicoDelSur?src=hash&amp;ref_src=twsrc%5Etfw\">#Cl\u00e1sicoDelSur<\/a> de la <a href=\"https:\/\/twitter.com\/hashtag\/CopaProyecci%C3%B3n?src=hash&amp;ref_src=twsrc%5Etfw\">#CopaProyecci\u00f3n<\/a> ? <a href=\"https:\/\/t.co\/VH6vxsJRgJ\">pic.twitter.com\/VH6vxsJRgJ<\/a><\/p>\n<p>&mdash; Club Lan\u00fas (@clublanus) <a href=\"https:\/\/twitter.com\/clublanus\/status\/1802788016131338315?ref_src=twsrc%5Etfw\">June 17, 2024<\/a><\/p><\/blockquote>\n<p><script async src=\"https:\/\/platform.twitter.com\/widgets.js\" charset=\"utf-8\"><\/script><\/p>\n<p>&nbsp;<\/p>\n<p>Posteriormente, sobre el cierre del encuentro, Cardillo abandon\u00f3 el campo y fue reemplazado por M\u00e1ximo Heredia.<\/p>\n<p>&nbsp;<\/p>\n<p>De esta forma y tras dejar en el camino al cl\u00e1sico rival, <strong>Lan\u00fas se meti\u00f3 entre los mejores cuatro equipos de la competencia y enfrentar\u00e1 en semifinales a River Plate<\/strong>, quien viene de eliminar a Defensa y Justicia tras golear por 4 a 0. Ser\u00e1 el pr\u00f3ximo domingo desde las 15:00 horas nuevamente en el reducto \u201cGranate\u201d.<\/p>\n<p>&nbsp;<\/p>\n<p><em><strong>Foto: Club Lan\u00fas.<\/strong><\/em><\/p>\n","protected":false},"excerpt":{"rendered":"<p>El volante surgido de Embajadores fue titular y le dio la victoria al \u201cGranate\u201d frente a Banfield, por los cuartos<\/p>\n","protected":false},"author":96739694,"featured_media":161637,"comment_status":"closed","ping_status":"closed","sticky":false,"template":"","format":"standard","meta":{"_jetpack_memberships_contains_paid_content":false,"footnotes":""},"categories":[37,1],"tags":[],"class_list":["post-136963","post","type-post","status-publish","format-standard","has-post-thumbnail","hentry","category-futbol-profesional","category-portada"],"jetpack_featured_media_url":"https:\/\/i0.wp.com\/cdnoticias.com\/wp-content\/uploads\/2024\/06\/Cardillo-Lanus-Reserva-AFA-cuartos-Copa-Proyeccion-2024a.jpeg?fit=1024%2C683&ssl=1","jetpack_sharing_enabled":true,"_links":{"self":[{"href":"https:\/\/cdnoticias.com\/index.php\/wp-json\/wp\/v2\/posts\/136963","targetHints":{"allow":["GET"]}}],"collection":[{"href":"https:\/\/cdnoticias.com\/index.php\/wp-json\/wp\/v2\/posts"}],"about":[{"href":"https:\/\/cdnoticias.com\/index.php\/wp-json\/wp\/v2\/types\/post"}],"author":[{"embeddable":true,"href":"https:\/\/cdnoticias.com\/index.php\/wp-json\/wp\/v2\/users\/96739694"}],"replies":[{"embeddable":true,"href":"https:\/\/cdnoticias.com\/index.php\/wp-json\/wp\/v2\/comments?post=136963"}],"version-history":[{"count":0,"href":"https:\/\/cdnoticias.com\/index.php\/wp-json\/wp\/v2\/posts\/136963\/revisions"}],"wp:featuredmedia":[{"embeddable":true,"href":"https:\/\/cdnoticias.com\/index.php\/wp-json\/wp\/v2\/media\/161637"}],"wp:attachment":[{"href":"https:\/\/cdnoticias.com\/index.php\/wp-json\/wp\/v2\/media?parent=136963"}],"wp:term":[{"taxonomy":"category","embeddable":true,"href":"https:\/\/cdnoticias.com\/index.php\/wp-json\/wp\/v2\/categories?post=136963"},{"taxonomy":"post_tag","embeddable":true,"href":"https:\/\/cdnoticias.com\/index.php\/wp-json\/wp\/v2\/tags?post=136963"}],"curies":[{"name":"wp","href":"https:\/\/api.w.org\/{rel}","templated":true}]}}