{"id":136960,"date":"2024-06-17T23:03:34","date_gmt":"2024-06-18T02:03:34","guid":{"rendered":"https:\/\/centraldeportes.com.ar\/?p=52484"},"modified":"2025-02-13T17:51:36","modified_gmt":"2025-02-13T20:51:36","slug":"la-revancha-por-la-permanencia-termino-en-tablas","status":"publish","type":"post","link":"https:\/\/cdnoticias.com\/index.php\/2024\/06\/17\/la-revancha-por-la-permanencia-termino-en-tablas\/","title":{"rendered":"La revancha por la Permanencia termin\u00f3 en tablas"},"content":{"rendered":"<p>Este lunes feriado, Loma Negra y Sierra Chica igualaron 1 a 1 en el reducto de la Villa Alfredo Fortabat. Con el global a favor, el \u201cCeleste\u201d evit\u00f3 ser el \u00faltimo equipo de la tabla de posiciones.<!--more--><\/p>\n<hr \/>\n<p>Ocho d\u00edas despu\u00e9s de <a href=\"https:\/\/cdnoticias.com\/permanencia-loma-negra-goleo-y-complico-a-sierra-chica\/\">lo sucedido en el Pedro Iriart Legorburu<\/a>, <strong>Loma Negra<\/strong> y <strong>Sierra Chica<\/strong> volvieron a encontrarse en el verde c\u00e9sped y se enfrentaron este lunes por la tarde en el reducto de la Villa Alfredo Fortabat.<\/p>\n<p>&nbsp;<\/p>\n<p><strong>Por el duelo revancha correspondiente a la Permanencia, el \u201cCeleste\u201d y el conjunto sierrachiquense igualaron 1 a 1<\/strong> aunque, debido al resultado de la ida, el conjunto local liquid\u00f3 la serie global 5 \u2013 1 y evit\u00f3 caer en el partido por el descenso.<\/p>\n<p>&nbsp;<\/p>\n<p>Con gol de <strong>Emmanuel De Cort\u00e1zar<\/strong> a los 12\u2019 del primer tiempo, los dirigidos por \u201cMachy\u201d Arena comenzaron en ventaja y mantuvieron el resultado hasta el descanso. No obstante, a escasos minutos de la parte complementaria (53\u2019), Loma Negra equipar\u00f3 las acciones por intermedio de <strong>Franco Berna<\/strong>.<\/p>\n<p>&nbsp;<\/p>\n<p>El resultado fue corto para Sierra Chica, que perdi\u00f3 la serie y qued\u00f3 condenado a ser uno de los equipos que jugar\u00e1 el partido por no descender a la Divisional B (en caso de que no se repita en el pr\u00f3ximo torneo liguista).<\/p>\n<p>&nbsp;<\/p>\n<p><em><strong>Foto: @lolafotografias_<\/strong><\/em><\/p>\n<hr \/>\n<p><strong>S\u00edntesis Loma Negra \u2013 Sierra Chica: \u00a0<\/strong><\/p>\n<p><strong>Loma Negra (1):<\/strong> Nicol\u00e1s Arista; Santiago Ledesma (F. Steimbach), Thiago S\u00e1enz Valiente, Mateo Rocha, El\u00edas N\u00fa\u00f1ez; Ger\u00f3nimo Colo (P. Diuono), Lautaro Diuono, Imanol Schmidt (A. Rivas), Gabriel Rivas; Manuel Larraz (S. Victorero) y Franco Berna (A. Guzm\u00e1n). DT: Pablo Burghini.<\/p>\n<p><strong>Sierra Chica (1): <\/strong>Rodolfo Bravo; Roger Brun (L. Yrigoyen), Maximiliano Violante, Lorenzo Arroyo (E. Molina), Facundo Crevatin; Francisco Echarri, Nicol\u00e1s Peralta, Miqueas Molina, Braian Palacios (E. Salvareschi); Emmanuel De Cort\u00e1zar y Emmanuel Devia (E. Alderete). DT: N\u00e9stor Arena.<\/p>\n<p><strong>Goles<\/strong>: 12min PT Emmanuel De Cort\u00e1zar (SCH); 8min ST Franco Berna (LN).<\/p>\n<p><strong>Amonestados<\/strong>: Rocha y N\u00fa\u00f1ez (Loma Negra); Violante y De Cort\u00e1zar (Sierra Chica).<\/p>\n<p><strong>Expulsados<\/strong>: Mateo Rocha y El\u00edas N\u00fa\u00f1ez (LN).<\/p>\n<p><strong>\u00c1rbitro<\/strong>: Agustina Loos. <strong>Estadio<\/strong>: Villa Alfredo Fortabat.<\/p>\n","protected":false},"excerpt":{"rendered":"<p>Este lunes feriado, Loma Negra y Sierra Chica igualaron 1 a 1 en el reducto de la Villa Alfredo Fortabat.<\/p>\n","protected":false},"author":96739694,"featured_media":161641,"comment_status":"closed","ping_status":"closed","sticky":false,"template":"","format":"standard","meta":{"_jetpack_memberships_contains_paid_content":false,"footnotes":""},"categories":[35,1,41],"tags":[],"class_list":["post-136960","post","type-post","status-publish","format-standard","has-post-thumbnail","hentry","category-futbol","category-portada","category-primera-y-reserva"],"jetpack_featured_media_url":"https:\/\/i0.wp.com\/cdnoticias.com\/wp-content\/uploads\/2024\/06\/Loma-Negra-vs-Sierra-Chica-Permanencia-1-revancha.jpeg?fit=1000%2C609&ssl=1","jetpack_sharing_enabled":true,"_links":{"self":[{"href":"https:\/\/cdnoticias.com\/index.php\/wp-json\/wp\/v2\/posts\/136960","targetHints":{"allow":["GET"]}}],"collection":[{"href":"https:\/\/cdnoticias.com\/index.php\/wp-json\/wp\/v2\/posts"}],"about":[{"href":"https:\/\/cdnoticias.com\/index.php\/wp-json\/wp\/v2\/types\/post"}],"author":[{"embeddable":true,"href":"https:\/\/cdnoticias.com\/index.php\/wp-json\/wp\/v2\/users\/96739694"}],"replies":[{"embeddable":true,"href":"https:\/\/cdnoticias.com\/index.php\/wp-json\/wp\/v2\/comments?post=136960"}],"version-history":[{"count":0,"href":"https:\/\/cdnoticias.com\/index.php\/wp-json\/wp\/v2\/posts\/136960\/revisions"}],"wp:featuredmedia":[{"embeddable":true,"href":"https:\/\/cdnoticias.com\/index.php\/wp-json\/wp\/v2\/media\/161641"}],"wp:attachment":[{"href":"https:\/\/cdnoticias.com\/index.php\/wp-json\/wp\/v2\/media?parent=136960"}],"wp:term":[{"taxonomy":"category","embeddable":true,"href":"https:\/\/cdnoticias.com\/index.php\/wp-json\/wp\/v2\/categories?post=136960"},{"taxonomy":"post_tag","embeddable":true,"href":"https:\/\/cdnoticias.com\/index.php\/wp-json\/wp\/v2\/tags?post=136960"}],"curies":[{"name":"wp","href":"https:\/\/api.w.org\/{rel}","templated":true}]}}