{"id":136954,"date":"2024-06-17T12:21:06","date_gmt":"2024-06-17T15:21:06","guid":{"rendered":"https:\/\/centraldeportes.com.ar\/?p=52432"},"modified":"2024-06-17T12:21:06","modified_gmt":"2024-06-17T15:21:06","slug":"con-notables-actuaciones-aldana-andes-cumplio-su-sueno-en-costa-rica-2","status":"publish","type":"post","link":"https:\/\/cdnoticias.com\/index.php\/2024\/06\/17\/con-notables-actuaciones-aldana-andes-cumplio-su-sueno-en-costa-rica-2\/","title":{"rendered":"Con notables actuaciones, Aldana Andes cumpli\u00f3 su sue\u00f1o en Costa Rica"},"content":{"rendered":"<p>El \u00faltimo fin de semana, la gimnasta olavarriense compiti\u00f3 en la 2\u00b0 edici\u00f3n del Abierto Panamericano de Parkour y consigui\u00f3 muy buenos resultados en FreeStyle y SpeedRun.<!--more--><\/p>\n<hr \/>\n<p>Organizado por la <strong>Uni\u00f3n Panamericana de Gimnasia<\/strong>, entre viernes y domingo pasado se llev\u00f3 adelante la segunda edici\u00f3n del <strong>Abierto Panamericano de Parkour<\/strong> en Alajuela, Costa Rica, y fue con destacadas actuaciones para <strong>Aldana Andes<\/strong>.<\/p>\n<p>&nbsp;<\/p>\n<p>La gimnasta de NaturalFit integr\u00f3 la delegaci\u00f3n argentina que particip\u00f3 del magno evento, que tuvo demoras en ambos d\u00edas por malas condiciones clim\u00e1ticas.<\/p>\n<p>&nbsp;<\/p>\n<p><img data-recalc-dims=\"1\" loading=\"lazy\" decoding=\"async\" class=\"aligncenter size-full wp-image-52434\" src=\"https:\/\/i0.wp.com\/centraldeportes.com.ar\/wp-content\/uploads\/2024\/06\/Aldana-Andes-Abierto-Panamericano-de-Parkour-e1718637642418.jpg?resize=745%2C473&#038;ssl=1\" alt=\"\" width=\"745\" height=\"473\" \/><\/p>\n<p>&nbsp;<\/p>\n<p>No obstante, en su primera experiencia internacional,<strong> la olavarriense particip\u00f3 el s\u00e1bado en la categor\u00eda FreeStyle y consigui\u00f3 ubicarse en la quinta posici\u00f3n, mientras que, al d\u00eda siguiente, obtuvo un meritorio cuarto puesto en SpeedRun<\/strong>.<\/p>\n<p>&nbsp;<\/p>\n<p>\u201c<em><strong>No puedo expresar en palabras la felicidad y lo agradecida que estoy con todos los que me ayudaron a cumplir este sue\u00f1o<\/strong>. Mi primera competencia internacional representando al pa\u00eds siendo parte de la Selecci\u00f3n Argentina\u201d, <\/em>comparti\u00f3 Aldana en sus redes sociales una vez culminada la competencia.<\/p>\n<p>&nbsp;<\/p>\n<p>\u201c<em><strong>Agradecer a todos los que me ayudaron comprando rifas y haciendo donaciones particulares, adem\u00e1s de los comercios y emprendimientos locale que me ayudaron much\u00edsimo<\/strong>. Me voy llena de aprendizajes, vivencias y muchos amigos nuevos<\/em>\u201d, cerr\u00f3 en su posteo la olavarriense.<\/p>\n","protected":false},"excerpt":{"rendered":"<p>El \u00faltimo fin de semana, la gimnasta olavarriense compiti\u00f3 en la 2\u00b0 edici\u00f3n del Abierto Panamericano de Parkour y consigui\u00f3<\/p>\n","protected":false},"author":96739695,"featured_media":52433,"comment_status":"closed","ping_status":"closed","sticky":false,"template":"","format":"standard","meta":{"_jetpack_memberships_contains_paid_content":false,"footnotes":""},"categories":[30,1],"tags":[],"class_list":["post-136954","post","type-post","status-publish","format-standard","has-post-thumbnail","hentry","category-polideportivo","category-portada"],"jetpack_featured_media_url":"","jetpack_sharing_enabled":true,"_links":{"self":[{"href":"https:\/\/cdnoticias.com\/index.php\/wp-json\/wp\/v2\/posts\/136954","targetHints":{"allow":["GET"]}}],"collection":[{"href":"https:\/\/cdnoticias.com\/index.php\/wp-json\/wp\/v2\/posts"}],"about":[{"href":"https:\/\/cdnoticias.com\/index.php\/wp-json\/wp\/v2\/types\/post"}],"author":[{"embeddable":true,"href":"https:\/\/cdnoticias.com\/index.php\/wp-json\/wp\/v2\/users\/96739695"}],"replies":[{"embeddable":true,"href":"https:\/\/cdnoticias.com\/index.php\/wp-json\/wp\/v2\/comments?post=136954"}],"version-history":[{"count":0,"href":"https:\/\/cdnoticias.com\/index.php\/wp-json\/wp\/v2\/posts\/136954\/revisions"}],"wp:featuredmedia":[{"embeddable":true,"href":"https:\/\/cdnoticias.com\/index.php\/wp-json\/wp\/v2\/posts\/52433"}],"wp:attachment":[{"href":"https:\/\/cdnoticias.com\/index.php\/wp-json\/wp\/v2\/media?parent=136954"}],"wp:term":[{"taxonomy":"category","embeddable":true,"href":"https:\/\/cdnoticias.com\/index.php\/wp-json\/wp\/v2\/categories?post=136954"},{"taxonomy":"post_tag","embeddable":true,"href":"https:\/\/cdnoticias.com\/index.php\/wp-json\/wp\/v2\/tags?post=136954"}],"curies":[{"name":"wp","href":"https:\/\/api.w.org\/{rel}","templated":true}]}}