{"id":136949,"date":"2024-06-15T21:04:14","date_gmt":"2024-06-16T00:04:14","guid":{"rendered":"https:\/\/centraldeportes.com.ar\/?p=52391"},"modified":"2025-02-13T17:50:21","modified_gmt":"2025-02-13T20:50:21","slug":"juani-barbieri-cerro-el-primer-semestre-a-puro-gol","status":"publish","type":"post","link":"https:\/\/cdnoticias.com\/index.php\/2024\/06\/15\/juani-barbieri-cerro-el-primer-semestre-a-puro-gol\/","title":{"rendered":"\u201cJuani\u201d Barbieri cerr\u00f3 el primer semestre a puro gol"},"content":{"rendered":"<p>El delantero olavarriense abri\u00f3 la cuenta para la victoria 2 a 1 de Armenio ante Excursionistas en Maschwitz. Adem\u00e1s, finaliz\u00f3 el Apertura en el podio de los m\u00e1ximos artilleros.<!--more--><\/p>\n<hr \/>\n<p><strong>Con otro grito de Juan Ignacio Barbieri, Deportivo Armenio derrot\u00f3 este s\u00e1bado por la tarde a Excursionistas<\/strong> y cerr\u00f3 el Torneo Apertura con tres festejos consecutivos.<\/p>\n<p>&nbsp;<\/p>\n<p><strong>Fue 2 a 1 la victoria del \u201cTricolor\u201d<\/strong> en Maschwitz en el marco de la \u00faltima fecha del primer campeonato de la Primera B Metropolitana.<\/p>\n<p>&nbsp;<\/p>\n<p><strong>El delantero olavarriense fue titular en el once inicial que design\u00f3 Cristian Tula y, a los 39\u2019 del primer tiempo, abri\u00f3 la cuenta en el c\u00e9sped del Estadio Armenia<\/strong>. Posteriormente, el ex \u201cCarbonero\u201d, Lucas Scarnato, le dio la victoria al Deportivo Armenio a los 24\u2019 de la parte complementaria.<\/p>\n<p>&nbsp;<\/p>\n<p>Asimismo, con el tanto convertido, \u201c<strong>Juani\u201d Barbieri cerr\u00f3 el primer semestre en el podio de los goleadores de la categor\u00eda con 10 gritos<\/strong>. En cuanto a lo grupal, el \u201cTricolor\u201d cerr\u00f3 el Apertura entre los cinco primeros con 39 unidades y en puestos de clasificaci\u00f3n al Reducido.<\/p>\n<p>&nbsp;<\/p>\n<p><em><strong>Foto: Excursionistas Oficial.<\/strong><\/em><\/p>\n","protected":false},"excerpt":{"rendered":"<p>El delantero olavarriense abri\u00f3 la cuenta para la victoria 2 a 1 de Armenio ante Excursionistas en Maschwitz. Adem\u00e1s, finaliz\u00f3<\/p>\n","protected":false},"author":96739694,"featured_media":161554,"comment_status":"closed","ping_status":"closed","sticky":false,"template":"","format":"standard","meta":{"_jetpack_memberships_contains_paid_content":false,"footnotes":""},"categories":[37,1],"tags":[],"class_list":["post-136949","post","type-post","status-publish","format-standard","has-post-thumbnail","hentry","category-futbol-profesional","category-portada"],"jetpack_featured_media_url":"https:\/\/i0.wp.com\/cdnoticias.com\/wp-content\/uploads\/2024\/06\/Barbieri-vs-Excursionistas-B-Metro-e1718496234907.jpg?fit=1000%2C608&ssl=1","jetpack_sharing_enabled":true,"_links":{"self":[{"href":"https:\/\/cdnoticias.com\/index.php\/wp-json\/wp\/v2\/posts\/136949","targetHints":{"allow":["GET"]}}],"collection":[{"href":"https:\/\/cdnoticias.com\/index.php\/wp-json\/wp\/v2\/posts"}],"about":[{"href":"https:\/\/cdnoticias.com\/index.php\/wp-json\/wp\/v2\/types\/post"}],"author":[{"embeddable":true,"href":"https:\/\/cdnoticias.com\/index.php\/wp-json\/wp\/v2\/users\/96739694"}],"replies":[{"embeddable":true,"href":"https:\/\/cdnoticias.com\/index.php\/wp-json\/wp\/v2\/comments?post=136949"}],"version-history":[{"count":0,"href":"https:\/\/cdnoticias.com\/index.php\/wp-json\/wp\/v2\/posts\/136949\/revisions"}],"wp:featuredmedia":[{"embeddable":true,"href":"https:\/\/cdnoticias.com\/index.php\/wp-json\/wp\/v2\/media\/161554"}],"wp:attachment":[{"href":"https:\/\/cdnoticias.com\/index.php\/wp-json\/wp\/v2\/media?parent=136949"}],"wp:term":[{"taxonomy":"category","embeddable":true,"href":"https:\/\/cdnoticias.com\/index.php\/wp-json\/wp\/v2\/categories?post=136949"},{"taxonomy":"post_tag","embeddable":true,"href":"https:\/\/cdnoticias.com\/index.php\/wp-json\/wp\/v2\/tags?post=136949"}],"curies":[{"name":"wp","href":"https:\/\/api.w.org\/{rel}","templated":true}]}}