{"id":136936,"date":"2024-06-13T21:39:21","date_gmt":"2024-06-14T00:39:21","guid":{"rendered":"https:\/\/centraldeportes.com.ar\/?p=52325"},"modified":"2025-02-13T17:50:46","modified_gmt":"2025-02-13T20:50:46","slug":"la-liga-federal-arranco-otra-llave-y-festejo-macrini","status":"publish","type":"post","link":"https:\/\/cdnoticias.com\/index.php\/2024\/06\/13\/la-liga-federal-arranco-otra-llave-y-festejo-macrini\/","title":{"rendered":"La Liga Federal arranc\u00f3 otra llave y festej\u00f3 Macrini"},"content":{"rendered":"<p>En la noche del mi\u00e9rcoles comenz\u00f3 una nueva instancia de eliminaci\u00f3n en la Liga Federal y fue con festejo para el \u00fanico representante local que se present\u00f3. En el duelo suspendido de la fecha, deb\u00eda presentarse el otro.<!--more--><\/p>\n<hr \/>\n<p>El Talar super\u00f3 a Gimnasia de Santa Fe por 70 a 68 como visitante en el primer partido de playoffs, correspondiente a los Octavos de Final.<\/p>\n<p>&nbsp;<\/p>\n<p>Los aurinegros lograron revertir una desventaja de doce unidades (41-29) que obtuvo su rival en el segundo cuarto gracias a su enorme efectividad en triples, pero la reacci\u00f3n lleg\u00f3 en la segunda mitad con una defensa bien apremiante.<\/p>\n<p>&nbsp;<\/p>\n<p>Mateo Macrini jug\u00f3 32:27 minutos en el equipo ganador y aport\u00f3 10 puntos, 8 rebotes y 2 asistencias.<\/p>\n","protected":false},"excerpt":{"rendered":"<p>En la noche del mi\u00e9rcoles comenz\u00f3 una nueva instancia de eliminaci\u00f3n en la Liga Federal y fue con festejo para<\/p>\n","protected":false},"author":96739694,"featured_media":161591,"comment_status":"closed","ping_status":"closed","sticky":false,"template":"","format":"standard","meta":{"_jetpack_memberships_contains_paid_content":false,"footnotes":""},"categories":[31,1,57],"tags":[],"class_list":["post-136936","post","type-post","status-publish","format-standard","has-post-thumbnail","hentry","category-basquet","category-portada","category-torneo-federal"],"jetpack_featured_media_url":"https:\/\/i0.wp.com\/cdnoticias.com\/wp-content\/uploads\/2024\/06\/macrini.jpg?fit=800%2C445&ssl=1","jetpack_sharing_enabled":true,"_links":{"self":[{"href":"https:\/\/cdnoticias.com\/index.php\/wp-json\/wp\/v2\/posts\/136936","targetHints":{"allow":["GET"]}}],"collection":[{"href":"https:\/\/cdnoticias.com\/index.php\/wp-json\/wp\/v2\/posts"}],"about":[{"href":"https:\/\/cdnoticias.com\/index.php\/wp-json\/wp\/v2\/types\/post"}],"author":[{"embeddable":true,"href":"https:\/\/cdnoticias.com\/index.php\/wp-json\/wp\/v2\/users\/96739694"}],"replies":[{"embeddable":true,"href":"https:\/\/cdnoticias.com\/index.php\/wp-json\/wp\/v2\/comments?post=136936"}],"version-history":[{"count":0,"href":"https:\/\/cdnoticias.com\/index.php\/wp-json\/wp\/v2\/posts\/136936\/revisions"}],"wp:featuredmedia":[{"embeddable":true,"href":"https:\/\/cdnoticias.com\/index.php\/wp-json\/wp\/v2\/media\/161591"}],"wp:attachment":[{"href":"https:\/\/cdnoticias.com\/index.php\/wp-json\/wp\/v2\/media?parent=136936"}],"wp:term":[{"taxonomy":"category","embeddable":true,"href":"https:\/\/cdnoticias.com\/index.php\/wp-json\/wp\/v2\/categories?post=136936"},{"taxonomy":"post_tag","embeddable":true,"href":"https:\/\/cdnoticias.com\/index.php\/wp-json\/wp\/v2\/tags?post=136936"}],"curies":[{"name":"wp","href":"https:\/\/api.w.org\/{rel}","templated":true}]}}