{"id":136935,"date":"2024-06-13T19:16:43","date_gmt":"2024-06-13T22:16:43","guid":{"rendered":"https:\/\/centraldeportes.com.ar\/?p=52323"},"modified":"2025-02-13T17:50:46","modified_gmt":"2025-02-13T20:50:46","slug":"cambio-de-autoridades-mediante-la-liga-de-futbol-cumple-99-anos","status":"publish","type":"post","link":"https:\/\/cdnoticias.com\/index.php\/2024\/06\/13\/cambio-de-autoridades-mediante-la-liga-de-futbol-cumple-99-anos\/","title":{"rendered":"Cambio de autoridades mediante, la Liga de F\u00fatbol cumple 99 a\u00f1os"},"content":{"rendered":"<p>Casi un centenar de a\u00f1os controlando las acciones del f\u00fatbol olavarriense. Este jueves, horas despu\u00e9s de conocerse que habr\u00e1 cambios de autoridades, la Liga de F\u00fatbol de Olavarr\u00eda celebra sus primeros 99 a\u00f1os.<!--more--><\/p>\n<hr \/>\n<p>A cargo, por ahora de Pablo Palahy, la Liga de F\u00fatbol celebra sus primeros 99 luego de que en 1925, en la sede de la Biblioteca Popular (hoy Alsina 2659), se realiz\u00f3 la Asamblea donde inicialmente se conform\u00f3 la mesa directiva provisoria integrada por los presidentes de Ferro, Racing y Estudiantes.<\/p>\n<p>&nbsp;<\/p>\n<p>Posteriormente, tuvo lugar la primera asamblea de delegados para fundar la Asociaci\u00f3n, siendo presidida por el delegado del Club Atl\u00e9tico Estudiantes, Francisco A. Amoroso y dos meses m\u00e1s tarde, el 15 de agosto, en el mismo sitio, asumi\u00f3 el primer Consejo Superior que presidi\u00f3 Domingo Delrieux.<\/p>\n<p>&nbsp;<\/p>\n<p>Mucho tiempo pas\u00f3 desde aquellas reuniones, y en la actualidad, la entidad reguladora del f\u00fatbol local se prepara para una nueva Asamblea Anual Ordinaria donde la actual dirigencia dejar\u00e1 su cargo y lo hizo saber oficialmente en las \u00faltimas horas del mi\u00e9rcoles.<\/p>\n<p>&nbsp;<\/p>\n<p>Pablo Palayh complet\u00f3 dos mandatos a cargo de la LFO tras reemplazar en 2022 a Javier Fr\u00edas y el venidero mi\u00e9rcoles dejar\u00e1 su lugar sin la necesidad de llevar a cabo elecciones ya que exist\u00eda un grupo de trabajo dispuesto a presentar una lista que se hubiera presentado como opositora y estar\u00eda encabezada por Mario Patern\u00f3.<\/p>\n<p>&nbsp;<\/p>\n","protected":false},"excerpt":{"rendered":"<p>Casi un centenar de a\u00f1os controlando las acciones del f\u00fatbol olavarriense. Este jueves, horas despu\u00e9s de conocerse que habr\u00e1 cambios<\/p>\n","protected":false},"author":96739694,"featured_media":158357,"comment_status":"closed","ping_status":"closed","sticky":false,"template":"","format":"standard","meta":{"_jetpack_memberships_contains_paid_content":false,"footnotes":""},"categories":[35,1],"tags":[],"class_list":["post-136935","post","type-post","status-publish","format-standard","has-post-thumbnail","hentry","category-futbol","category-portada"],"jetpack_featured_media_url":"https:\/\/i0.wp.com\/cdnoticias.com\/wp-content\/uploads\/2023\/10\/Presentacion-Regional-en-LFO.jpeg?fit=1000%2C666&ssl=1","jetpack_sharing_enabled":true,"_links":{"self":[{"href":"https:\/\/cdnoticias.com\/index.php\/wp-json\/wp\/v2\/posts\/136935","targetHints":{"allow":["GET"]}}],"collection":[{"href":"https:\/\/cdnoticias.com\/index.php\/wp-json\/wp\/v2\/posts"}],"about":[{"href":"https:\/\/cdnoticias.com\/index.php\/wp-json\/wp\/v2\/types\/post"}],"author":[{"embeddable":true,"href":"https:\/\/cdnoticias.com\/index.php\/wp-json\/wp\/v2\/users\/96739694"}],"replies":[{"embeddable":true,"href":"https:\/\/cdnoticias.com\/index.php\/wp-json\/wp\/v2\/comments?post=136935"}],"version-history":[{"count":0,"href":"https:\/\/cdnoticias.com\/index.php\/wp-json\/wp\/v2\/posts\/136935\/revisions"}],"wp:featuredmedia":[{"embeddable":true,"href":"https:\/\/cdnoticias.com\/index.php\/wp-json\/wp\/v2\/media\/158357"}],"wp:attachment":[{"href":"https:\/\/cdnoticias.com\/index.php\/wp-json\/wp\/v2\/media?parent=136935"}],"wp:term":[{"taxonomy":"category","embeddable":true,"href":"https:\/\/cdnoticias.com\/index.php\/wp-json\/wp\/v2\/categories?post=136935"},{"taxonomy":"post_tag","embeddable":true,"href":"https:\/\/cdnoticias.com\/index.php\/wp-json\/wp\/v2\/tags?post=136935"}],"curies":[{"name":"wp","href":"https:\/\/api.w.org\/{rel}","templated":true}]}}