{"id":136930,"date":"2024-06-12T20:44:55","date_gmt":"2024-06-12T23:44:55","guid":{"rendered":"https:\/\/centraldeportes.com.ar\/?p=52297"},"modified":"2025-02-13T17:50:51","modified_gmt":"2025-02-13T20:50:51","slug":"inferiores-abo-siguen-jugandose-pendientes-del-torneo-apertura","status":"publish","type":"post","link":"https:\/\/cdnoticias.com\/index.php\/2024\/06\/12\/inferiores-abo-siguen-jugandose-pendientes-del-torneo-apertura\/","title":{"rendered":"Inferiores ABO: siguen jug\u00e1ndose pendientes del Torneo Apertura"},"content":{"rendered":"<p>A la espera de conocerse los mejores equipos de cada categor\u00eda, el Torneo Apertura de las inferiores de la Asociaci\u00f3n de B\u00e1squet de Olavarr\u00eda tuvo reducida actividad el pasado fin de semana.<!--more--><\/p>\n<hr \/>\n<p>Tanto la rama masculina, en sus dos Zonas, como la divisional femenina vieron para tratar de completar la Fase de Grupos, pero hubo otros que debieron suspenderse por humedad.<\/p>\n<p>&nbsp;<\/p>\n<p>Entre los varones, hubo duelo entre los dos Racing y tres cotejos que se jugaron en Azul mientras que otros tres no pudieron jugarse en el recinto \u201cFunebrero\u201d y en las damas en formaci\u00f3n, la actividad carg\u00f3 su programaci\u00f3n en el Willy Matos de La Madrid, aunque hubo acci\u00f3n tambi\u00e9n en el De la Vega y en el Parque Olavarr\u00eda.<\/p>\n<p>&nbsp;<\/p>\n<p>Los resultados:<\/p>\n<p>Racing Blanco vs Racing Azul:<br \/>\nU17: 34-74<\/p>\n<p>Chacarita \u2013 Ferro:<br \/>\nU13: 63-54<br \/>\nU15: 20-00<\/p>\n<p>Chacarita Rojo vs Chacarita Negro:<br \/>\nU15: 52-81<\/p>\n<p>&nbsp;<\/p>\n<p>Femenino:<\/p>\n<p>Ferro vs San Mart\u00edn:<br \/>\nU15: 56-30<br \/>\nU17: 50-25<\/p>\n<p>Racing (L) vs Ferro:<br \/>\nU15: 00-20<br \/>\nU17: 24-34<\/p>\n<p>Racing (L) vs San Mart\u00edn:<br \/>\nU15: 00-20<br \/>\nU17: 42-15<\/p>\n<p>Racing vs Ferro:<br \/>\nU13: 00-20<br \/>\nU15:00-20<br \/>\nU17: 42-47<\/p>\n<p>&nbsp;<\/p>\n","protected":false},"excerpt":{"rendered":"<p>A la espera de conocerse los mejores equipos de cada categor\u00eda, el Torneo Apertura de las inferiores de la Asociaci\u00f3n<\/p>\n","protected":false},"author":96739694,"featured_media":161602,"comment_status":"closed","ping_status":"closed","sticky":false,"template":"","format":"standard","meta":{"_jetpack_memberships_contains_paid_content":false,"footnotes":""},"categories":[31,44,1],"tags":[],"class_list":["post-136930","post","type-post","status-publish","format-standard","has-post-thumbnail","hentry","category-basquet","category-inferiores-basquet","category-portada"],"jetpack_featured_media_url":"https:\/\/i0.wp.com\/cdnoticias.com\/wp-content\/uploads\/2024\/06\/447862125_1232945254695300_7015080401680908924_n-e1718235885956.jpg?fit=1020%2C586&ssl=1","jetpack_sharing_enabled":true,"_links":{"self":[{"href":"https:\/\/cdnoticias.com\/index.php\/wp-json\/wp\/v2\/posts\/136930","targetHints":{"allow":["GET"]}}],"collection":[{"href":"https:\/\/cdnoticias.com\/index.php\/wp-json\/wp\/v2\/posts"}],"about":[{"href":"https:\/\/cdnoticias.com\/index.php\/wp-json\/wp\/v2\/types\/post"}],"author":[{"embeddable":true,"href":"https:\/\/cdnoticias.com\/index.php\/wp-json\/wp\/v2\/users\/96739694"}],"replies":[{"embeddable":true,"href":"https:\/\/cdnoticias.com\/index.php\/wp-json\/wp\/v2\/comments?post=136930"}],"version-history":[{"count":0,"href":"https:\/\/cdnoticias.com\/index.php\/wp-json\/wp\/v2\/posts\/136930\/revisions"}],"wp:featuredmedia":[{"embeddable":true,"href":"https:\/\/cdnoticias.com\/index.php\/wp-json\/wp\/v2\/media\/161602"}],"wp:attachment":[{"href":"https:\/\/cdnoticias.com\/index.php\/wp-json\/wp\/v2\/media?parent=136930"}],"wp:term":[{"taxonomy":"category","embeddable":true,"href":"https:\/\/cdnoticias.com\/index.php\/wp-json\/wp\/v2\/categories?post=136930"},{"taxonomy":"post_tag","embeddable":true,"href":"https:\/\/cdnoticias.com\/index.php\/wp-json\/wp\/v2\/tags?post=136930"}],"curies":[{"name":"wp","href":"https:\/\/api.w.org\/{rel}","templated":true}]}}