{"id":136919,"date":"2024-06-10T18:51:02","date_gmt":"2024-06-10T21:51:02","guid":{"rendered":"https:\/\/centraldeportes.com.ar\/?p=52234"},"modified":"2025-02-13T17:49:06","modified_gmt":"2025-02-13T20:49:06","slug":"los-lobizones-lograron-la-medalla-de-plata-en-un-torneo-internacional","status":"publish","type":"post","link":"https:\/\/cdnoticias.com\/index.php\/2024\/06\/10\/los-lobizones-lograron-la-medalla-de-plata-en-un-torneo-internacional\/","title":{"rendered":"Los Lobizones lograron la medalla de plata en un Torneo Internacional"},"content":{"rendered":"<p>Tal como estaba previsto, y durante el transcurso del fin de semana, se disput\u00f3 en el Polideportivo de Coronel Vidal, el tradicional torneo &#8221; El orgullo de ser Pionero&#8221; en su 3\u00b0 edici\u00f3n y fue con la presencia de Los Lobizones que fueron subcampeones.<!--more--><\/p>\n<hr \/>\n<p>El certamen internacional reservado para la categor\u00eda +70 mixta tuvo al equipo olavarriense siendo protagonista y cediendo sus \u00fanicos dos partidos ante el mismo rival.<\/p>\n<p>&nbsp;<\/p>\n<p>Los resultados:<\/p>\n<p>Zona de Grupos<br \/>\nLos Lobizones 2-0 Santa Clara Newcom (15\/4 y 15\/5)<br \/>\nLos Lobizones 2-0 Chascom\u00fas (15\/6 y 15\/4)<br \/>\nLos Lobizones 2-0 Cimarrones de Uruguay (15\/8 y 15\/12)<br \/>\nLos Lobizones 0-2 Unidos de Patagones\/Viedma (13\/15 y 12\/15)<br \/>\nLos Lobizones 2-0 Escuela N\u00b0221 La Pampa (15\/13 y 17\/15)<\/p>\n<p>Semifinales<br \/>\nLos Lobizones 2-1 Los Fantasmas (7\/15, 15\/13 y 10\/8)<\/p>\n<p>Final<br \/>\nLos Lobizones 0-2 Unidos de Patagones\/Viedma (15\/13 y 15\/12)<\/p>\n<p>&nbsp;<\/p>\n<p>El plantel estuvo compuesto por Liliana Dom\u00ednguez, Graciela Patern\u00f3, M\u00f3nica Maqueprack \u2013jugadora de Los Cardales-, Daniel Prester, Oscar Rivera, Ernesto Laplace -debut en una competencia-, N\u00e9stor Funes y Gabriel Rosatto.<\/p>\n","protected":false},"excerpt":{"rendered":"<p>Tal como estaba previsto, y durante el transcurso del fin de semana, se disput\u00f3 en el Polideportivo de Coronel Vidal,<\/p>\n","protected":false},"author":96739694,"featured_media":161507,"comment_status":"closed","ping_status":"closed","sticky":false,"template":"","format":"standard","meta":{"_jetpack_memberships_contains_paid_content":false,"footnotes":""},"categories":[30,1],"tags":[],"class_list":["post-136919","post","type-post","status-publish","format-standard","has-post-thumbnail","hentry","category-polideportivo","category-portada"],"jetpack_featured_media_url":"https:\/\/i0.wp.com\/cdnoticias.com\/wp-content\/uploads\/2024\/06\/WhatsApp-Image-2024-06-09-at-17.40.53.jpeg?fit=1600%2C1144&ssl=1","jetpack_sharing_enabled":true,"_links":{"self":[{"href":"https:\/\/cdnoticias.com\/index.php\/wp-json\/wp\/v2\/posts\/136919","targetHints":{"allow":["GET"]}}],"collection":[{"href":"https:\/\/cdnoticias.com\/index.php\/wp-json\/wp\/v2\/posts"}],"about":[{"href":"https:\/\/cdnoticias.com\/index.php\/wp-json\/wp\/v2\/types\/post"}],"author":[{"embeddable":true,"href":"https:\/\/cdnoticias.com\/index.php\/wp-json\/wp\/v2\/users\/96739694"}],"replies":[{"embeddable":true,"href":"https:\/\/cdnoticias.com\/index.php\/wp-json\/wp\/v2\/comments?post=136919"}],"version-history":[{"count":0,"href":"https:\/\/cdnoticias.com\/index.php\/wp-json\/wp\/v2\/posts\/136919\/revisions"}],"wp:featuredmedia":[{"embeddable":true,"href":"https:\/\/cdnoticias.com\/index.php\/wp-json\/wp\/v2\/media\/161507"}],"wp:attachment":[{"href":"https:\/\/cdnoticias.com\/index.php\/wp-json\/wp\/v2\/media?parent=136919"}],"wp:term":[{"taxonomy":"category","embeddable":true,"href":"https:\/\/cdnoticias.com\/index.php\/wp-json\/wp\/v2\/categories?post=136919"},{"taxonomy":"post_tag","embeddable":true,"href":"https:\/\/cdnoticias.com\/index.php\/wp-json\/wp\/v2\/tags?post=136919"}],"curies":[{"name":"wp","href":"https:\/\/api.w.org\/{rel}","templated":true}]}}