{"id":136913,"date":"2024-06-09T18:54:06","date_gmt":"2024-06-09T21:54:06","guid":{"rendered":"https:\/\/centraldeportes.com.ar\/?p=52213"},"modified":"2025-02-13T17:49:15","modified_gmt":"2025-02-13T20:49:15","slug":"permanencia-loma-negra-goleo-y-complico-a-sierra-chica","status":"publish","type":"post","link":"https:\/\/cdnoticias.com\/index.php\/2024\/06\/09\/permanencia-loma-negra-goleo-y-complico-a-sierra-chica\/","title":{"rendered":"Permanencia: Loma Negra gole\u00f3 y complic\u00f3 a Sierra Chica"},"content":{"rendered":"<p>El \u201cCeleste\u201d se impuso con autoridad 4 a 0 en el Pedro Iriart Legorburu y sac\u00f3 una considerable ventaja para evitar ser el \u00faltimo del semestre.<!--more--><\/p>\n<hr \/>\n<p>En la continuidad de los cruces por la <strong>Permanencia<\/strong> en Primera Divisi\u00f3n, <strong>Loma Negra derrot\u00f3 este domingo por la tarde a Sierra Chica<\/strong> y logr\u00f3 estirar una buena ventaja para la revancha en la Villa Alfredo Fortabat.<\/p>\n<p>&nbsp;<\/p>\n<p><strong>El \u201cCeleste\u201d gole\u00f3 4 a 0 a los dirigidos por N\u00e9stor Arena en el Pedro Iriart Legorburu con goles de Gabriel Rivas en la primera parte y de Lautaro Diuono, Imanol Schmidt y Alexis Guzm\u00e1n en la etapa complementaria.<\/strong><\/p>\n<p>&nbsp;<\/p>\n<p>Los dirigidos por Pablo Burghini rompieron la paridad a los 23\u2019 en un partido que transcurr\u00eda de tr\u00e1mite parejo. No obstante, la expulsi\u00f3n de Ezequiel Motta en el amanecer del segundo tiempo complic\u00f3 a Sierra Chica y el equipo de la Villa Alfredo Fortabat, con una seguidilla en los minutos finales, logr\u00f3 engrosar el resultado definitivo.<\/p>\n<p>&nbsp;<\/p>\n<p>De esta manera, la revancha se jugar\u00e1 el pr\u00f3ximo fin de semana en el reducto del \u201cCeleste\u201d que, en caso de imponerse en el global, condenar\u00e1 a Sierra Chica a ser uno de los equipos que jugar\u00e1 la final para evitar el descenso a la Divisional B.<\/p>\n<p>&nbsp;<\/p>\n<p><em><strong>Foto: @lolafotografias_ (Archivo).<\/strong><\/em><\/p>\n<hr \/>\n<p><strong>S\u00edntesis Sierra Chica \u2013 Loma Negra: \u00a0<\/strong><\/p>\n<p><strong>Sierra Chica (0):<\/strong> Lautaro Vallejos; Ezequiel Motta, Federico Ver\u00f3n (I. Aguirre), Santiago Peralta, Facundo Crevat\u00edn; Braian Palacios, Francisco Echarri (E. Salvareschi), Miqueas Molina, Lorenzo Arroyo (E. Molina); Emmanuel De Cort\u00e1zar (R. Brun) y Emanuel Devia. DT: N\u00e9stor Arena.<\/p>\n<p><strong>Loma Negra (4): <\/strong>Nicol\u00e1s Arista; Santiago Ledesma (F. Steimbach), Santiago Brisa (F. Berna), Thiago S\u00e1enz Valiente, El\u00edas N\u00fa\u00f1ez (M. Ortiz); Bautista Ferreyra, Lautaro Diuono, Mateo Rocha, Imanol Schmidt; Gabriel Rivas (A. Guzm\u00e1n) y Manuel Larraz (F. Hojman). DT: Pablo Burghini.<\/p>\n<p><strong>Goles<\/strong>: 23min PT Gabriel Rivas; 30min ST Lautaro Diuono, 39min ST Imanol Schmidt y 41min ST Alexis Guzm\u00e1n (LN).<\/p>\n<p><strong>Amonestados<\/strong>: Echarri y Ver\u00f3n (Sierra Chica); Ferreyra (Loma Negra).<\/p>\n<p><strong>Expulsados<\/strong>: 3min ST Ezequiel Motta (SCH).<\/p>\n<p><strong>\u00c1rbitro<\/strong>: Valent\u00edn Pompei. <strong>Estadio<\/strong>: Pedro Iriart Legorburu.<\/p>\n","protected":false},"excerpt":{"rendered":"<p>El \u201cCeleste\u201d se impuso con autoridad 4 a 0 en el Pedro Iriart Legorburu y sac\u00f3 una considerable ventaja para<\/p>\n","protected":false},"author":96739694,"featured_media":161522,"comment_status":"closed","ping_status":"closed","sticky":false,"template":"","format":"standard","meta":{"_jetpack_memberships_contains_paid_content":false,"footnotes":""},"categories":[35,1,41],"tags":[],"class_list":["post-136913","post","type-post","status-publish","format-standard","has-post-thumbnail","hentry","category-futbol","category-portada","category-primera-y-reserva"],"jetpack_featured_media_url":"https:\/\/i0.wp.com\/cdnoticias.com\/wp-content\/uploads\/2024\/06\/Loma-Negra-2024.jpeg?fit=1000%2C701&ssl=1","jetpack_sharing_enabled":true,"_links":{"self":[{"href":"https:\/\/cdnoticias.com\/index.php\/wp-json\/wp\/v2\/posts\/136913","targetHints":{"allow":["GET"]}}],"collection":[{"href":"https:\/\/cdnoticias.com\/index.php\/wp-json\/wp\/v2\/posts"}],"about":[{"href":"https:\/\/cdnoticias.com\/index.php\/wp-json\/wp\/v2\/types\/post"}],"author":[{"embeddable":true,"href":"https:\/\/cdnoticias.com\/index.php\/wp-json\/wp\/v2\/users\/96739694"}],"replies":[{"embeddable":true,"href":"https:\/\/cdnoticias.com\/index.php\/wp-json\/wp\/v2\/comments?post=136913"}],"version-history":[{"count":0,"href":"https:\/\/cdnoticias.com\/index.php\/wp-json\/wp\/v2\/posts\/136913\/revisions"}],"wp:featuredmedia":[{"embeddable":true,"href":"https:\/\/cdnoticias.com\/index.php\/wp-json\/wp\/v2\/media\/161522"}],"wp:attachment":[{"href":"https:\/\/cdnoticias.com\/index.php\/wp-json\/wp\/v2\/media?parent=136913"}],"wp:term":[{"taxonomy":"category","embeddable":true,"href":"https:\/\/cdnoticias.com\/index.php\/wp-json\/wp\/v2\/categories?post=136913"},{"taxonomy":"post_tag","embeddable":true,"href":"https:\/\/cdnoticias.com\/index.php\/wp-json\/wp\/v2\/tags?post=136913"}],"curies":[{"name":"wp","href":"https:\/\/api.w.org\/{rel}","templated":true}]}}