{"id":136892,"date":"2024-06-07T21:52:07","date_gmt":"2024-06-08T00:52:07","guid":{"rendered":"https:\/\/centraldeportes.com.ar\/?p=52081"},"modified":"2025-02-13T17:46:40","modified_gmt":"2025-02-13T20:46:40","slug":"se-presento-el-programa-municipal-evolucion-para-deportistas-en-transicion-al-alto-rendimiento","status":"publish","type":"post","link":"https:\/\/cdnoticias.com\/index.php\/2024\/06\/07\/se-presento-el-programa-municipal-evolucion-para-deportistas-en-transicion-al-alto-rendimiento\/","title":{"rendered":"Se present\u00f3 el Programa Municipal Evoluci\u00f3n, para deportistas en transici\u00f3n al alto rendimiento"},"content":{"rendered":"<p>En la tarde de este jueves la Casa del Bicentenario fue el punto de encuentro para la presentaci\u00f3n del Programa Municipal Evoluci\u00f3n, impulsado desde la Subsecretar\u00eda de Deportes para acompa\u00f1ar de manera integral a deportistas del Partido en su transici\u00f3n al deporte de alto rendimiento. La actividad fue encabezada por el intendente Maximiliano Wesner, acompa\u00f1ado por el secretario de Desarrollo de la Comunidad Cristian Delpiani, el subsecretario de Deporte Juan Pablo Arouxet, el director de Gesti\u00f3n Deportiva Enzo Jarrie y funcionarios de distintas \u00e1reas municipales. Se cont\u00f3 adem\u00e1s con la presencia de referentes de clubes, instituciones, como as\u00ed tambi\u00e9n de entrenadores, dirigentes y la familia de los deportistas.<\/p>\n<p><!--more--><\/p>\n<hr \/>\n<p>El jefe comunal del Partido de Olavarr\u00eda fue el encargado de dar la bienvenida a los presentes y explicar de qu\u00e9 se trata esta nueva propuesta que busca dar soporte a exponentes del deporte olavarriense, un acompa\u00f1amiento que lejos est\u00e1 de limitarse al beneficiario, sino que contribuye a fortalecer la cultura del alto desempe\u00f1o deportivo, ya que estas experiencias tambi\u00e9n sirve como est\u00edmulo para que cada vez sean m\u00e1s las personas que se vuelquen al deporte y a la adopci\u00f3n de h\u00e1bitos saludables.<\/p>\n<p>&nbsp;<\/p>\n<p>Al respecto Wesner explic\u00f3 que \u201cestamos muy contentos por este programa Evoluci\u00f3n, de poder decirle a los deportistas que no est\u00e1n solos, que hay muchos actores involucrados. Son profesionales quienes hacen, empujan y traccionan este programa y quienes permiten este abordaje interdisciplinario profesional. Pero tambi\u00e9n est\u00e1n las familias, las asociaciones, federaciones, gimnasios, dirigentes, profes. Todo eso hace que tomen m\u00fasculo, que tomen fuerza, que se sientan m\u00e1s competitivos y que sientan el acompa\u00f1amiento. De eso se trata, por eso hemos dise\u00f1ado esta pol\u00edtica p\u00fablica, esta herramienta este programa, para que puedan fortalecer fortalecerse en su competencias\u00bb. Tambi\u00e9n es importante destacar que se conform\u00f3 un equipo de apoyo que incluye un psic\u00f3logo, un m\u00e9dico especialista en traumatolog\u00eda, una nutricionista y un especialista en Educaci\u00f3n F\u00edsica.<\/p>\n<p>&nbsp;<\/p>\n<p>El subsecretario de Deportes Juan Pablo Arouxet detall\u00f3 que \u201cen este Programa no solamente va a estar la pata del Estado municipal, sino que hay que reconocer tambi\u00e9n el acompa\u00f1amiento, fundamentalmente, de la familia de los y las deportistas y de muchos profesionales que desinteresadamente se sumaron. Est\u00e1n los gimnasios de la ciudad, asociaciones de distintos deportes, entrenadores, profesionales que hoy est\u00e1n ac\u00e1 acompa\u00f1\u00e1ndonos. Esto lo hicimos en conjunto, no hay una sola mirada. Nosotros entendemos la gesti\u00f3n interdisciplinariamente, la entendemos con la participaci\u00f3n de mesas amplias, donde las decisiones no las toma una sola persona\u00bb. En ese sentido, expres\u00f3 que justamente la evaluaci\u00f3n y posterior elecci\u00f3n de aspirantes surgi\u00f3 de esa labor conjunta y mancomunada.<\/p>\n<p>&nbsp;<\/p>\n<p>Luego el director de Gesti\u00f3n Deportiva Enzo Jarrie, brindo detalles de los objetivos, alcance y metas del programa municipal Evoluci\u00f3n.<\/p>\n<p>&nbsp;<\/p>\n<p>El intendente de Olavarr\u00eda, por \u00faltimo, agradeci\u00f3 y ponder\u00f3 la labor hecha desde la Subsecretar\u00eda de Deportes y a\u00f1adi\u00f3 que \u00abpor sobre todas las cosas sepan que esto es una construcci\u00f3n colectiva, que hay muchos actores involucrados. El programa tiene la esencia de lo que queremos para el deporte de Olavarr\u00eda, les agradezco el compromiso. No tengo dudas que este es el puntapi\u00e9 inicial de tantos programas que vamos a poner a disposici\u00f3n para el deporte de Olavarr\u00eda\u00bb.<\/p>\n<p>&nbsp;<\/p>\n<p>El nombre del nuevo programa responde a un perfeccionamiento de la propuesta en cuanto al apoyo a representantes del deporte olavarriense, ya que no se limitar\u00e1 \u00fanicamente a la asignaci\u00f3n de una beca econ\u00f3mica, sino que ser parte del Programa Evoluci\u00f3n se traduce tambi\u00e9n al acceso y seguimiento por parte de un equipo interdisciplinario integrado por especialistas en \u00e1reas tales como kinesiolog\u00eda, psicolog\u00eda y nutrici\u00f3n, como as\u00ed tambi\u00e9n de un evaluador de capacidades condicionales y la posibilidad tambi\u00e9n de entrenar en un gimnasio.<\/p>\n<p>&nbsp;<\/p>\n<p>La n\u00f3mina la integran 37 deportistas de disciplinas individuales, quienes compiten no solo en deporte formativo, sino que tambi\u00e9n se encuentran personas de m\u00e1s de 18 a\u00f1os y m\u00e1s de 17 disciplinas. Las personas interesadas en ser parte del Programa debieron postularse presentando su CV deportivo, en una convocatoria que se realiz\u00f3 durante las primeras semanas de marzo.<\/p>\n","protected":false},"excerpt":{"rendered":"<p>En la tarde de este jueves la Casa del Bicentenario fue el punto de encuentro para la presentaci\u00f3n del Programa<\/p>\n","protected":false},"author":96739694,"featured_media":161436,"comment_status":"closed","ping_status":"closed","sticky":false,"template":"","format":"standard","meta":{"_jetpack_memberships_contains_paid_content":false,"footnotes":""},"categories":[30,1],"tags":[],"class_list":["post-136892","post","type-post","status-publish","format-standard","has-post-thumbnail","hentry","category-polideportivo","category-portada"],"jetpack_featured_media_url":"https:\/\/i0.wp.com\/cdnoticias.com\/wp-content\/uploads\/2024\/06\/4-1-scaled-1.jpg?fit=2560%2C1696&ssl=1","jetpack_sharing_enabled":true,"_links":{"self":[{"href":"https:\/\/cdnoticias.com\/index.php\/wp-json\/wp\/v2\/posts\/136892","targetHints":{"allow":["GET"]}}],"collection":[{"href":"https:\/\/cdnoticias.com\/index.php\/wp-json\/wp\/v2\/posts"}],"about":[{"href":"https:\/\/cdnoticias.com\/index.php\/wp-json\/wp\/v2\/types\/post"}],"author":[{"embeddable":true,"href":"https:\/\/cdnoticias.com\/index.php\/wp-json\/wp\/v2\/users\/96739694"}],"replies":[{"embeddable":true,"href":"https:\/\/cdnoticias.com\/index.php\/wp-json\/wp\/v2\/comments?post=136892"}],"version-history":[{"count":0,"href":"https:\/\/cdnoticias.com\/index.php\/wp-json\/wp\/v2\/posts\/136892\/revisions"}],"wp:featuredmedia":[{"embeddable":true,"href":"https:\/\/cdnoticias.com\/index.php\/wp-json\/wp\/v2\/media\/161436"}],"wp:attachment":[{"href":"https:\/\/cdnoticias.com\/index.php\/wp-json\/wp\/v2\/media?parent=136892"}],"wp:term":[{"taxonomy":"category","embeddable":true,"href":"https:\/\/cdnoticias.com\/index.php\/wp-json\/wp\/v2\/categories?post=136892"},{"taxonomy":"post_tag","embeddable":true,"href":"https:\/\/cdnoticias.com\/index.php\/wp-json\/wp\/v2\/tags?post=136892"}],"curies":[{"name":"wp","href":"https:\/\/api.w.org\/{rel}","templated":true}]}}