{"id":13689,"date":"2021-02-13T17:40:44","date_gmt":"2021-02-13T20:40:44","guid":{"rendered":"http:\/\/www.centraldenoticias.com.ar\/?p=13689"},"modified":"2021-02-13T16:21:28","modified_gmt":"2021-02-13T19:21:28","slug":"abordaje-de-femicidios-fernandez-anuncio-la-creacion-del-consejo-federal","status":"publish","type":"post","link":"https:\/\/cdnoticias.com\/index.php\/2021\/02\/13\/abordaje-de-femicidios-fernandez-anuncio-la-creacion-del-consejo-federal\/","title":{"rendered":"Abordaje de femicidios: Fern\u00e1ndez anunci\u00f3 la creaci\u00f3n del Consejo Federal"},"content":{"rendered":"<p>El nuevo organismo tendr\u00e1 como objetivo \u201cllevar adelante estrategias coordinadas entre el Gobierno nacional, las provincias y los municipios\u201d. Se busca \u201cgarantizar un Estado que responda con celeridad&#8221;.<!--more--><\/p>\n<hr \/>\n<p><strong>El presidente Alberto Fern\u00e1ndez anunci\u00f3 este s\u00e1bado la creaci\u00f3n del Consejo Federal para el Abordaje de Femicidios, Travesticidios y Transfemicidios<\/strong> y ratific\u00f3 la \u201cconvicci\u00f3n\u201d del Gobierno nacional de \u201cdar respuesta ante los hechos de violencia extrema\u201d en contra de las mujeres y el colectivo LGBTI.<\/p>\n<p>A trav\u00e9s de su cuenta de Twitter, el mandatario inform\u00f3 que <strong>se reuni\u00f3 con las ministras<\/strong> de Mujeres, Elizabeth G\u00f3mez Alcorta; de Justicia, Marcela Losardo; y de Seguridad, Sabina Frederic y la secretar\u00eda Legal y T\u00e9cnica, Vilma Ibarra para trabajar en la creaci\u00f3n del nuevo organismo.<\/p>\n<p>El Presidente agreg\u00f3 que \u201cpara poner fin a estos hechos aberrantes <strong>necesitamos llevar adelante estrategias coordinadas<\/strong> entre el Gobierno nacional, las provincias y los municipios de la Argentina, que ayuden a prevenir e identificar situaciones de riesgo y garantizar un Estado que responda con celeridad\u201d.<\/p>\n<blockquote class=\"twitter-tweet\">\n<p dir=\"ltr\" lang=\"es\">Con la convicci\u00f3n pol\u00edtica de dar respuesta ante los hechos de violencia extrema contra mujeres y LGBTI, con <a href=\"https:\/\/twitter.com\/EliGAlcorta?ref_src=twsrc%5Etfw\">@EliGAlcorta<\/a>, <a href=\"https:\/\/twitter.com\/mmlosardo?ref_src=twsrc%5Etfw\">@mmlosardo<\/a>, <a href=\"https:\/\/twitter.com\/VilmaIbarraL?ref_src=twsrc%5Etfw\">@VilmaIbarraL<\/a> y <a href=\"https:\/\/twitter.com\/SabinaFrederic?ref_src=twsrc%5Etfw\">@SabinaFrederic<\/a> trabajamos en la creaci\u00f3n del Consejo Federal para el Abordaje de Femicidios, Travesticidios y Transfemicidios. <a href=\"https:\/\/t.co\/e3kRXgtW8v\">pic.twitter.com\/e3kRXgtW8v<\/a><\/p>\n<p>\u2014 Alberto Fern\u00e1ndez (@alferdez) <a href=\"https:\/\/twitter.com\/alferdez\/status\/1360586111895171072?ref_src=twsrc%5Etfw\">February 13, 2021<\/a><\/p><\/blockquote>\n<p><script async src=\"https:\/\/platform.twitter.com\/widgets.js\" charset=\"utf-8\"><\/script><br \/>\n<strong>\u201cIntegral, eficaz y articulado\u201d<\/strong><\/p>\n<p>Seg\u00fan se inform\u00f3 oficialmente, el objetivo del consejo federal ser\u00e1 desarrollar un \u00e1mbito de <strong>coordinaci\u00f3n interinstitucional que garantice un abordaje \u201cintegral, eficaz y articulado\u201d<\/strong> por parte de los distintos organismos de la Naci\u00f3n, las provincias y la Ciudad de Buenos Aires \u201cen materia de prevenci\u00f3n, investigaci\u00f3n, sanci\u00f3n, asistencia y reparaci\u00f3n de ese tipo de delitos\u201d.<\/p>\n<p>El consejo estar\u00e1 integrado y coordinado por las m\u00e1ximas autoridades de los Ministerios de Seguridad; Justicia y Derechos Humanos y de las Mujeres, G\u00e9neros y Diversidad de la Naci\u00f3n y se invitar\u00e1 a participar tambi\u00e9n a las m\u00e1ximas autoridades del Ministerio P\u00fablico Fiscal de la Naci\u00f3n, del Poder Judicial, y del Poder Legislativo de la Naci\u00f3n.<\/p>\n<p>Tambi\u00e9n formar\u00e1n parte las autoridades en materia de seguridad, g\u00e9nero y justicia de las provincias y la Ciudad Aut\u00f3noma de Buenos Aires; cada uno de los Ministerios P\u00fablicos Fiscales de todos los distritos; y cada uno de los Poderes Judiciales de las provincias y de la Ciudad de Buenos Aires.<\/p>\n<p>Se precis\u00f3 adem\u00e1s que el Consejo <strong>se crear\u00e1 mediante un decreto de Presidencia y que se desarrollar\u00e1 bajo el Programa Interministerial<\/strong> de Abordaje Integral de las Violencias Extremas por Motivos de G\u00e9nero.<\/p>\n<p>\u201cLa creaci\u00f3n del mismo permitir\u00e1 trazar l\u00edneas de trabajo comunes, centralizar la informaci\u00f3n estad\u00edstica y de los casos, generar herramientas compartidas, conformar estrategias para todas las provincias teniendo en cuenta las particularidades territoriales\u201d, se inform\u00f3 en un comunicado oficial.<\/p>\n<p>De esta manera, se buscar\u00e1 \u201cnuclear a los distintos organismos involucrados en la materia, provinciales y nacionales, para establecer lineamientos y criterios rectores que promuevan respuestas m\u00e1s eficaces por parte del Estado argentino en su conjunto\u201d.<\/p>\n<p><img data-recalc-dims=\"1\" loading=\"lazy\" decoding=\"async\" class=\"aligncenter wp-image-13474 size-full\" src=\"https:\/\/i0.wp.com\/cdnoticias.com\/wp-content\/uploads\/2021\/02\/ursula11.jpg?resize=800%2C445&#038;ssl=1\" alt=\"\" width=\"800\" height=\"445\" srcset=\"https:\/\/i0.wp.com\/cdnoticias.com\/wp-content\/uploads\/2021\/02\/ursula11.jpg?w=800&amp;ssl=1 800w, https:\/\/i0.wp.com\/cdnoticias.com\/wp-content\/uploads\/2021\/02\/ursula11.jpg?resize=300%2C167&amp;ssl=1 300w, https:\/\/i0.wp.com\/cdnoticias.com\/wp-content\/uploads\/2021\/02\/ursula11.jpg?resize=768%2C427&amp;ssl=1 768w\" sizes=\"auto, (max-width: 800px) 100vw, 800px\" \/><\/p>\n<p><strong>\u201cSistema de Casos de Violencia de G\u00e9nero\u201d<\/strong><\/p>\n<p>El anuncio de Fern\u00e1ndez se completa hoy con la publicaci\u00f3n en el Bolet\u00edn Oficial de la creaci\u00f3n del \u201c<strong>Sistema Integrado<\/strong> de Casos de Violencia por Motivos de G\u00e9nero en la \u00f3rbita de la Direcci\u00f3n Nacional de Planificaci\u00f3n , Seguimiento y Gesti\u00f3n de la Informaci\u00f3n de la Unidad de Gabinete de Asesores del ministerio\u201d a cargo de G\u00f3mez Alcorta, mediante la Resoluci\u00f3n 48\/2021.<\/p>\n<p>El anuncio se conoce luego de que esta semana se produjeran los femicidios de la joven <strong>\u00darsula Bahillo<\/strong> (18) en la localidad bonaerense de Rojas, de una mujer de 29 a\u00f1os que fue asesinada delante de sus hijos en Marcos Paz por su expareja, y pr\u00e1cticamente al mismo tiempo en que se conoce el caso de una mujer asesinada a pu\u00f1aladas en su casa en la capital de Jujuy.<\/p>\n<p>El caso de Bahillo deriv\u00f3 en <strong>una serie de manifestaciones y protestas a lo largo del pa\u00eds<\/strong>, <a href=\"https:\/\/cdnoticias.com\/index.php\/2021\/02\/10\/justicia-por-ursula-otra-vez-el-grito-de-ni-una-menos-recorrio-las-calles\/\" target=\"_blank\" rel=\"noopener\">incluida Olavarr\u00eda<\/a>, con la exposici\u00f3n de que en los primeros 40 d\u00edas del a\u00f1o se registraron 42 femicidios lo que implic\u00f3 un recrudecimiento de la violencia de g\u00e9nero en el pa\u00eds.<\/p>\n<p>Fuente:<em> Agencia DIB<\/em><\/p>\n","protected":false},"excerpt":{"rendered":"<p>El nuevo organismo tendr\u00e1 como objetivo \u201cllevar adelante estrategias coordinadas entre el Gobierno nacional, las provincias y los municipios\u201d. Se<\/p>\n","protected":false},"author":4,"featured_media":13690,"comment_status":"closed","ping_status":"closed","sticky":false,"template":"","format":"standard","meta":{"_jetpack_memberships_contains_paid_content":false,"footnotes":""},"categories":[6],"tags":[],"class_list":["post-13689","post","type-post","status-publish","format-standard","has-post-thumbnail","hentry","category-nacionales"],"jetpack_featured_media_url":"https:\/\/i0.wp.com\/cdnoticias.com\/wp-content\/uploads\/2021\/02\/ni-una-menos-justicia-por-ursula01.jpg?fit=701%2C445&ssl=1","jetpack_sharing_enabled":true,"_links":{"self":[{"href":"https:\/\/cdnoticias.com\/index.php\/wp-json\/wp\/v2\/posts\/13689","targetHints":{"allow":["GET"]}}],"collection":[{"href":"https:\/\/cdnoticias.com\/index.php\/wp-json\/wp\/v2\/posts"}],"about":[{"href":"https:\/\/cdnoticias.com\/index.php\/wp-json\/wp\/v2\/types\/post"}],"author":[{"embeddable":true,"href":"https:\/\/cdnoticias.com\/index.php\/wp-json\/wp\/v2\/users\/4"}],"replies":[{"embeddable":true,"href":"https:\/\/cdnoticias.com\/index.php\/wp-json\/wp\/v2\/comments?post=13689"}],"version-history":[{"count":0,"href":"https:\/\/cdnoticias.com\/index.php\/wp-json\/wp\/v2\/posts\/13689\/revisions"}],"wp:featuredmedia":[{"embeddable":true,"href":"https:\/\/cdnoticias.com\/index.php\/wp-json\/wp\/v2\/media\/13690"}],"wp:attachment":[{"href":"https:\/\/cdnoticias.com\/index.php\/wp-json\/wp\/v2\/media?parent=13689"}],"wp:term":[{"taxonomy":"category","embeddable":true,"href":"https:\/\/cdnoticias.com\/index.php\/wp-json\/wp\/v2\/categories?post=13689"},{"taxonomy":"post_tag","embeddable":true,"href":"https:\/\/cdnoticias.com\/index.php\/wp-json\/wp\/v2\/tags?post=13689"}],"curies":[{"name":"wp","href":"https:\/\/api.w.org\/{rel}","templated":true}]}}