{"id":136878,"date":"2024-06-05T17:35:07","date_gmt":"2024-06-05T20:35:07","guid":{"rendered":"https:\/\/centraldeportes.com.ar\/?p=52018"},"modified":"2025-02-13T17:47:04","modified_gmt":"2025-02-13T20:47:04","slug":"buenas-actuaciones-locales-en-el-inicio-de-los-playoffs-nacionales-de-la-liga-federal","status":"publish","type":"post","link":"https:\/\/cdnoticias.com\/index.php\/2024\/06\/05\/buenas-actuaciones-locales-en-el-inicio-de-los-playoffs-nacionales-de-la-liga-federal\/","title":{"rendered":"Buenas actuaciones locales en el inicio de los playoffs nacionales de la Liga Federal"},"content":{"rendered":"<p>Mat\u00edas Sesto, Jeffrey Merchant. Mateo Macrini y Mauricio Pane fueron los primeros representantes de Olavarr\u00eda en los playoffs nacionales de la Liga Federal que dieron comienzo en la noche del martes.<!--more--><\/p>\n<hr \/>\n<p>En primer turno, Sportivo Pilar derrot\u00f3 a Central Entrerriano en un final para el infarto. Le gan\u00f3 68 a 67 con un tiro libre de Lautaro Exp\u00f3sito a falta de 6 segundos y la visita tuvo la \u00faltima para ganar, pero Mauricio Pane fall\u00f3 un triple.<\/p>\n<p>&nbsp;<\/p>\n<p>El duelo se disput\u00f3 en \u201cLa Caldera\u201d, que luci\u00f3 colmada como en sus mejores noches y con un clima especial, festivo, dado que ese mismo 4 de junio el club anfitri\u00f3n festej\u00f3 su 92\u00b0 aniversario.<\/p>\n<p>&nbsp;<\/p>\n<p>El arranque del juego fue con Pane encendido y siendo el jugador destacado de la primera parte que cerr\u00f3 con un triplazo que le permiti\u00f3 a la visita irse en ganancia al descanso largo.<\/p>\n<p>&nbsp;<\/p>\n<p>&nbsp;<\/p>\n<p>En un partido de ida y vuelta, los Gualeguaych\u00fa perdieron la pelota en la salida y Sportivo pas\u00f3 a ganarlo por un tiro libre de Lautaro Exp\u00f3sito con 6 segundos en el reloj. En la \u00faltima, Pane tuvo el tiro abierto de tres puntos, pero lo fall\u00f3 y \u201cLa Caldera\u201d se convirti\u00f3 en una fiesta por largos minutos.<\/p>\n<p>&nbsp;<\/p>\n<p>A pesar de haber marrado el tiro del final, Mauricio Pane jug\u00f3 29:59 minutos con 14 puntos, 9 rebotes, 3 asistencia y un recupero.<\/p>\n<p>&nbsp;<\/p>\n<div class=\"tiled-gallery type-rectangular tiled-gallery-unresized\" data-original-width=\"800\" data-carousel-extra='null' itemscope itemtype=\"http:\/\/schema.org\/ImageGallery\" > <div class=\"gallery-row\" style=\"width: 800px; height: 482px;\" data-original-width=\"800\" data-original-height=\"482\" > <div class=\"gallery-group images-1\" style=\"width: 800px; height: 482px;\" data-original-width=\"800\" data-original-height=\"482\" > <div class=\"tiled-gallery-item tiled-gallery-item-large\" itemprop=\"associatedMedia\" itemscope itemtype=\"http:\/\/schema.org\/ImageObject\"> <a href=\"https:\/\/i0.wp.com\/cdnoticias.com\/wp-content\/uploads\/2022\/04\/allanamiento-moyano.jpg?ssl=1\" border=\"0\" itemprop=\"url\"> <meta itemprop=\"width\" content=\"796\"> <meta itemprop=\"height\" content=\"478\"> <img decoding=\"async\" class=\"\" data-attachment-id=\"52004\" data-orig-file=\"https:\/\/cdnoticias.com\/wp-content\/uploads\/2022\/04\/allanamiento-moyano.jpg\" data-orig-size=\"1152,692\" data-comments-opened=\"\" data-image-meta=\"{&quot;aperture&quot;:&quot;0&quot;,&quot;credit&quot;:&quot;&quot;,&quot;camera&quot;:&quot;&quot;,&quot;caption&quot;:&quot;&quot;,&quot;created_timestamp&quot;:&quot;0&quot;,&quot;copyright&quot;:&quot;&quot;,&quot;focal_length&quot;:&quot;0&quot;,&quot;iso&quot;:&quot;0&quot;,&quot;shutter_speed&quot;:&quot;0&quot;,&quot;title&quot;:&quot;&quot;,&quot;orientation&quot;:&quot;0&quot;}\" data-image-title=\"allanamiento-moyano\" data-image-description=\"\" data-medium-file=\"https:\/\/i0.wp.com\/cdnoticias.com\/wp-content\/uploads\/2022\/04\/allanamiento-moyano.jpg?fit=300%2C180&#038;ssl=1\" data-large-file=\"https:\/\/i0.wp.com\/cdnoticias.com\/wp-content\/uploads\/2022\/04\/allanamiento-moyano.jpg?fit=800%2C480&#038;ssl=1\" src=\"https:\/\/i0.wp.com\/cdnoticias.com\/wp-content\/uploads\/2022\/04\/allanamiento-moyano.jpg?w=796&#038;h=478&#038;ssl=1\" srcset=\"https:\/\/i0.wp.com\/cdnoticias.com\/wp-content\/uploads\/2022\/04\/allanamiento-moyano.jpg?w=1152&amp;ssl=1 1152w, https:\/\/i0.wp.com\/cdnoticias.com\/wp-content\/uploads\/2022\/04\/allanamiento-moyano.jpg?resize=300%2C180&amp;ssl=1 300w, https:\/\/i0.wp.com\/cdnoticias.com\/wp-content\/uploads\/2022\/04\/allanamiento-moyano.jpg?resize=1024%2C615&amp;ssl=1 1024w, https:\/\/i0.wp.com\/cdnoticias.com\/wp-content\/uploads\/2022\/04\/allanamiento-moyano.jpg?resize=768%2C461&amp;ssl=1 768w\" width=\"796\" height=\"478\" loading=\"lazy\" data-original-width=\"796\" data-original-height=\"478\" itemprop=\"http:\/\/schema.org\/image\" title=\"allanamiento-moyano\" alt=\"allanamiento-moyano\" style=\"width: 796px; height: 478px;\" \/> <\/a> <\/div> <\/div> <!-- close group --> <\/div> <!-- close row --> <\/div>\n<p>&nbsp;<\/p>\n<p>Luego, hubo triple festejo olavarrienses ya que Mat\u00edas Sesto y Jeffrey Merchant con Sportivo Independiente y Mateo Macrini con El Talar iniciaron sus series en ventaja.<\/p>\n<p>&nbsp;<\/p>\n<p>En condici\u00f3n de visitante, Sportivo Independiente se impuso a Del Progreso por 74 a 62 en un cotejo donde mostraron una gran versi\u00f3n colectiva para iniciar la serie en ventaja.<\/p>\n<p>&nbsp;<\/p>\n<p>En el \u201cRojo\u201d de General Pico, Jeffrey Merchant sum\u00f3 12 puntos, 3 rebotes y una tapa en 20:43 minutos y Mat\u00edas Sesto complet\u00f3 24:22 minutos en la cancha con 8 puntos, 4 rebotes y una asistencia.<\/p>\n<p>&nbsp;<\/p>\n<p>Adem\u00e1s, tambi\u00e9n fue festejo para El Talar que lleg\u00f3 a Rosario del Tala y se impuso por 106 a 64 al Centro Sportivo Pe\u00f1arol.<\/p>\n<p>&nbsp;<\/p>\n<p>En un cotejo favorable a lo largo de los 40 minutos, el \u201caurinegro\u201d cont\u00f3 con buenas apariciones de Mateo Macrini y Facundo L\u00f3pez Banegas en el complemento para aumentar la diferencia a su favor e incluso, pudiendo rotar los minutos de juego.<\/p>\n<p>&nbsp;<\/p>\n<p>El olavarriense termin\u00f3 el partido siendo una de las figuras del equipo capitalino con 23 puntos, 3 rebotes, 2 asistencias y una tapa en 17:48 minutos en cancha.<\/p>\n<p>&nbsp;<\/p>\n<p>Las revanchas, invirtiendo local\u00edas, se llevar\u00e1n a cabo el pr\u00f3ximo s\u00e1bado.<\/p>\n","protected":false},"excerpt":{"rendered":"<p>Mat\u00edas Sesto, Jeffrey Merchant. Mateo Macrini y Mauricio Pane fueron los primeros representantes de Olavarr\u00eda en los playoffs nacionales de<\/p>\n","protected":false},"author":96739694,"featured_media":161465,"comment_status":"closed","ping_status":"closed","sticky":false,"template":"","format":"standard","meta":{"_jetpack_memberships_contains_paid_content":false,"footnotes":""},"categories":[31,1,57],"tags":[],"class_list":["post-136878","post","type-post","status-publish","format-standard","has-post-thumbnail","hentry","category-basquet","category-portada","category-torneo-federal"],"jetpack_featured_media_url":"https:\/\/i0.wp.com\/cdnoticias.com\/wp-content\/uploads\/2024\/06\/merchant.jpg?fit=800%2C445&ssl=1","jetpack_sharing_enabled":true,"_links":{"self":[{"href":"https:\/\/cdnoticias.com\/index.php\/wp-json\/wp\/v2\/posts\/136878","targetHints":{"allow":["GET"]}}],"collection":[{"href":"https:\/\/cdnoticias.com\/index.php\/wp-json\/wp\/v2\/posts"}],"about":[{"href":"https:\/\/cdnoticias.com\/index.php\/wp-json\/wp\/v2\/types\/post"}],"author":[{"embeddable":true,"href":"https:\/\/cdnoticias.com\/index.php\/wp-json\/wp\/v2\/users\/96739694"}],"replies":[{"embeddable":true,"href":"https:\/\/cdnoticias.com\/index.php\/wp-json\/wp\/v2\/comments?post=136878"}],"version-history":[{"count":0,"href":"https:\/\/cdnoticias.com\/index.php\/wp-json\/wp\/v2\/posts\/136878\/revisions"}],"wp:featuredmedia":[{"embeddable":true,"href":"https:\/\/cdnoticias.com\/index.php\/wp-json\/wp\/v2\/media\/161465"}],"wp:attachment":[{"href":"https:\/\/cdnoticias.com\/index.php\/wp-json\/wp\/v2\/media?parent=136878"}],"wp:term":[{"taxonomy":"category","embeddable":true,"href":"https:\/\/cdnoticias.com\/index.php\/wp-json\/wp\/v2\/categories?post=136878"},{"taxonomy":"post_tag","embeddable":true,"href":"https:\/\/cdnoticias.com\/index.php\/wp-json\/wp\/v2\/tags?post=136878"}],"curies":[{"name":"wp","href":"https:\/\/api.w.org\/{rel}","templated":true}]}}