{"id":136872,"date":"2024-06-04T18:30:05","date_gmt":"2024-06-04T21:30:05","guid":{"rendered":"https:\/\/centraldeportes.com.ar\/?p=51981"},"modified":"2025-02-13T17:47:12","modified_gmt":"2025-02-13T20:47:12","slug":"nueva-fecha-del-circuito-de-acop-jugaron-las-pares","status":"publish","type":"post","link":"https:\/\/cdnoticias.com\/index.php\/2024\/06\/04\/nueva-fecha-del-circuito-de-acop-jugaron-las-pares\/","title":{"rendered":"Nueva fecha del circuito de ACOP: jugaron las Pares"},"content":{"rendered":"<p>Tras el receso por el feriado del 25 de mayo, el pasado fin de semana se llev\u00f3 a cabo la quinta fecha del calendario para las categor\u00edas Pares con la participaci\u00f3n de 60 parejas.<!--more--><\/p>\n<hr \/>\n<p>Luego del receso por el feriado del 25 de mayo este fin de semana se reanud\u00f3 el circuito local de p\u00e1del que organiza la Asociaci\u00f3n Civil de Padel Olavarriense. En esta oportunidad se desarroll\u00f3 la quinta fecha del calendario para las categor\u00edas pares.<\/p>\n<p>&nbsp;<\/p>\n<p>La jornada cont\u00f3 con un total de 60 parejas anotadas distribuidas en cuatro divisiones: Tercera y Cuarta Damas (Las Terrazzas) Cuarta Caballeros (Club de Amigos), Sexta Caballeros (El Triunfo) y Sexta Damas (Padel Time).<\/p>\n<p>&nbsp;<\/p>\n<p>Yanella Rafeca y Susana Broto fueron las campeonas en Tercera y Cuarta Damas tras vencer en la final a dupla compuesta por Julieta Sak y Evangelina Sancho por 6\/4 y 6\/2.<\/p>\n<p>&nbsp;<\/p>\n<p><img data-recalc-dims=\"1\" loading=\"lazy\" decoding=\"async\" class=\"aligncenter size-full wp-image-51985\" src=\"https:\/\/i0.wp.com\/cdnoticias.com\/wp-content\/uploads\/2024\/06\/acop.jpg?resize=800%2C445&#038;ssl=1\" alt=\"\" width=\"800\" height=\"445\" \/><\/p>\n<p>&nbsp;<\/p>\n<p>En Cuarta Caballeros el t\u00edtulo qued\u00f3 en manos de la pareja integrada por Santiago Sarra y Marcos Buey. Los campeones superaron en la definici\u00f3n a Fabi\u00e1n Briones y Juan Filardo en tres sets, 4\/6, 6\/1 y 6\/3.<\/p>\n<p>&nbsp;<\/p>\n<p>Por otro lado, en Sexta Caballeros festejaron Jer\u00f3nimo Olgu\u00edn y Walter Acosta, quienes en la final del certamen derrotaron Sebasti\u00e1n Lizasu y Santino Salazar por 7\/6 2\/6 1\/0 y Retiro.<\/p>\n<p>&nbsp;<\/p>\n<p>Por \u00faltimo, en Sexta Damas se coron\u00f3 el binomio compuesto por Guadalupe Alb\u00edn y Estefan\u00eda Alsina. Las flamantes campeonas vencieron en un final re\u00f1ida a Martina Caballero y Mar\u00eda Marchioni por 6\/3 5\/7 y 7\/5.<\/p>\n<p>&nbsp;<\/p>\n","protected":false},"excerpt":{"rendered":"<p>Tras el receso por el feriado del 25 de mayo, el pasado fin de semana se llev\u00f3 a cabo la<\/p>\n","protected":false},"author":96739694,"featured_media":161480,"comment_status":"closed","ping_status":"closed","sticky":false,"template":"","format":"standard","meta":{"_jetpack_memberships_contains_paid_content":false,"footnotes":""},"categories":[1,55],"tags":[],"class_list":["post-136872","post","type-post","status-publish","format-standard","has-post-thumbnail","hentry","category-portada","category-tenis-padel"],"jetpack_featured_media_url":"https:\/\/i0.wp.com\/cdnoticias.com\/wp-content\/uploads\/2024\/06\/acop2.jpg?fit=800%2C445&ssl=1","jetpack_sharing_enabled":true,"_links":{"self":[{"href":"https:\/\/cdnoticias.com\/index.php\/wp-json\/wp\/v2\/posts\/136872","targetHints":{"allow":["GET"]}}],"collection":[{"href":"https:\/\/cdnoticias.com\/index.php\/wp-json\/wp\/v2\/posts"}],"about":[{"href":"https:\/\/cdnoticias.com\/index.php\/wp-json\/wp\/v2\/types\/post"}],"author":[{"embeddable":true,"href":"https:\/\/cdnoticias.com\/index.php\/wp-json\/wp\/v2\/users\/96739694"}],"replies":[{"embeddable":true,"href":"https:\/\/cdnoticias.com\/index.php\/wp-json\/wp\/v2\/comments?post=136872"}],"version-history":[{"count":0,"href":"https:\/\/cdnoticias.com\/index.php\/wp-json\/wp\/v2\/posts\/136872\/revisions"}],"wp:featuredmedia":[{"embeddable":true,"href":"https:\/\/cdnoticias.com\/index.php\/wp-json\/wp\/v2\/media\/161480"}],"wp:attachment":[{"href":"https:\/\/cdnoticias.com\/index.php\/wp-json\/wp\/v2\/media?parent=136872"}],"wp:term":[{"taxonomy":"category","embeddable":true,"href":"https:\/\/cdnoticias.com\/index.php\/wp-json\/wp\/v2\/categories?post=136872"},{"taxonomy":"post_tag","embeddable":true,"href":"https:\/\/cdnoticias.com\/index.php\/wp-json\/wp\/v2\/tags?post=136872"}],"curies":[{"name":"wp","href":"https:\/\/api.w.org\/{rel}","templated":true}]}}