{"id":136865,"date":"2024-06-03T00:24:21","date_gmt":"2024-06-03T03:24:21","guid":{"rendered":"https:\/\/centraldeportes.com.ar\/?p=51935"},"modified":"2025-02-13T17:43:13","modified_gmt":"2025-02-13T20:43:13","slug":"colonias-y-cerros-revirtio-la-serie-y-san-martin-volvio-a-quedarse-con-el-clasico-serrano","status":"publish","type":"post","link":"https:\/\/cdnoticias.com\/index.php\/2024\/06\/03\/colonias-y-cerros-revirtio-la-serie-y-san-martin-volvio-a-quedarse-con-el-clasico-serrano\/","title":{"rendered":"Colonias y Cerros revirti\u00f3 la serie y San Mart\u00edn volvi\u00f3 a quedarse con el Cl\u00e1sico Serrano"},"content":{"rendered":"<p>Derrotaron a Sierra Chica y Loma Negra respectivamente y evitaron ser uno de los equipos que jugar\u00e1 la final por el descenso en los \u00faltimos meses del a\u00f1o.<!--more--><\/p>\n<hr \/>\n<p>Este domingo, aparte de los <a href=\"https:\/\/cdnoticias.com\/playoffs-clasificatorios-se-jugaron-las-revanchas-y-peso-la-localia\/\">playoffs clasificatorios<\/a>, se jugaron los duelos revancha por la <strong>Permanencia<\/strong> en dos escenarios de la ciudad.<\/p>\n<p>&nbsp;<\/p>\n<p>Abri\u00f3 la jornada Colonias y Cerros, con triunfo en el sint\u00e9tico del Clemente \u201cTete\u201d Di Carlo. <strong>Con goles de Joaqu\u00edn Rojas y Diego Del Castillo, el \u201cTricolor\u201d derrot\u00f3 2 a 0 a Sierra Chica y revirti\u00f3 la serie global 2 \u2013 1<\/strong> para mantenerse en la categor\u00eda.<\/p>\n<p>&nbsp;<\/p>\n<p>[soliloquy id=&#8221;51913&#8243;]<\/p>\n<p>&nbsp;<\/p>\n<p>M\u00e1s tarde y en condici\u00f3n de visitante, San Mart\u00edn volvi\u00f3 a quedarse con el Cl\u00e1sico Serrano.<strong> El \u201cLe\u00f3n\u201d rugi\u00f3 en la Villa Alfredo Fortabat, le gan\u00f3 2 a 0 a Loma Negra (global 3 \u2013 0) y tambi\u00e9n evit\u00f3 el partido por el descenso<\/strong>.<\/p>\n<p>&nbsp;<\/p>\n<p><strong>Tales resultados obligaron a Sierra Chica y Loma Negra a jugar la promoci\u00f3n<\/strong>. El venidero fin de semana, en la ida, ser\u00e1 local el equipo de \u201cMachy\u201d Arena y definir\u00e1n siete d\u00edas m\u00e1s tarde en el reducto del \u201cCeleste\u201d.<\/p>\n<p>&nbsp;<\/p>\n<p>El perdedor ir\u00e1 autom\u00e1ticamente a la final por el descenso a la Divisional B con el peor equipo que saldr\u00e1 del pr\u00f3ximo torneo de la Liga de F\u00fatbol de Olavarr\u00eda.<\/p>\n","protected":false},"excerpt":{"rendered":"<p>Derrotaron a Sierra Chica y Loma Negra respectivamente y evitaron ser uno de los equipos que jugar\u00e1 la final por<\/p>\n","protected":false},"author":96739694,"featured_media":161375,"comment_status":"closed","ping_status":"closed","sticky":false,"template":"","format":"standard","meta":{"_jetpack_memberships_contains_paid_content":false,"footnotes":""},"categories":[35,1,41],"tags":[],"class_list":["post-136865","post","type-post","status-publish","format-standard","has-post-thumbnail","hentry","category-futbol","category-portada","category-primera-y-reserva"],"jetpack_featured_media_url":"https:\/\/i0.wp.com\/cdnoticias.com\/wp-content\/uploads\/2024\/06\/Cyc-vs-SCH.-Permanencia-4.jpg?fit=1280%2C853&ssl=1","jetpack_sharing_enabled":true,"_links":{"self":[{"href":"https:\/\/cdnoticias.com\/index.php\/wp-json\/wp\/v2\/posts\/136865","targetHints":{"allow":["GET"]}}],"collection":[{"href":"https:\/\/cdnoticias.com\/index.php\/wp-json\/wp\/v2\/posts"}],"about":[{"href":"https:\/\/cdnoticias.com\/index.php\/wp-json\/wp\/v2\/types\/post"}],"author":[{"embeddable":true,"href":"https:\/\/cdnoticias.com\/index.php\/wp-json\/wp\/v2\/users\/96739694"}],"replies":[{"embeddable":true,"href":"https:\/\/cdnoticias.com\/index.php\/wp-json\/wp\/v2\/comments?post=136865"}],"version-history":[{"count":0,"href":"https:\/\/cdnoticias.com\/index.php\/wp-json\/wp\/v2\/posts\/136865\/revisions"}],"wp:featuredmedia":[{"embeddable":true,"href":"https:\/\/cdnoticias.com\/index.php\/wp-json\/wp\/v2\/media\/161375"}],"wp:attachment":[{"href":"https:\/\/cdnoticias.com\/index.php\/wp-json\/wp\/v2\/media?parent=136865"}],"wp:term":[{"taxonomy":"category","embeddable":true,"href":"https:\/\/cdnoticias.com\/index.php\/wp-json\/wp\/v2\/categories?post=136865"},{"taxonomy":"post_tag","embeddable":true,"href":"https:\/\/cdnoticias.com\/index.php\/wp-json\/wp\/v2\/tags?post=136865"}],"curies":[{"name":"wp","href":"https:\/\/api.w.org\/{rel}","templated":true}]}}