{"id":136860,"date":"2024-06-02T11:05:54","date_gmt":"2024-06-02T14:05:54","guid":{"rendered":"https:\/\/centraldeportes.com.ar\/?p=51880"},"modified":"2025-02-13T17:43:21","modified_gmt":"2025-02-13T20:43:21","slug":"divisiones-inferiores-la-6-fecha-tuvo-el-clasico-del-riel-y-un-duelo-pendiente","status":"publish","type":"post","link":"https:\/\/cdnoticias.com\/index.php\/2024\/06\/02\/divisiones-inferiores-la-6-fecha-tuvo-el-clasico-del-riel-y-un-duelo-pendiente\/","title":{"rendered":"Divisiones Inferiores: la 6\u00b0 fecha tuvo el Cl\u00e1sico del Riel y un duelo pendiente"},"content":{"rendered":"<p>La jornada de juveniles tuvo lugar este \u00faltimo s\u00e1bado y con acci\u00f3n repartida en ocho escenarios de la ciudad. Qued\u00f3 postergado el cruce de S\u00e9ptima entre Luj\u00e1n y Racing.<!--more--><\/p>\n<hr \/>\n<p>Las <strong>categor\u00edas menores<\/strong> del f\u00fatbol de nuestra ciudad disputaron a lo largo del s\u00e1bado, en gran parte, la <strong>6\u00b0 fecha del Torneo Apertura<\/strong> que no lleg\u00f3 a completarse y dej\u00f3 un duelo postergado.<\/p>\n<p>&nbsp;<\/p>\n<p>Se trat\u00f3 del partido de <strong>S\u00e9ptima entre Luj\u00e1n y Racing<\/strong> que no se jug\u00f3 debido a varios chicos enfermos en el combinado \u201cLujanero\u201d.<\/p>\n<p>&nbsp;<\/p>\n<p>No obstante, la acci\u00f3n transcurri\u00f3 en ocho escenarios de la ciudad y tuvo como plus el Cl\u00e1sico del Riel entre <strong>Ferro<\/strong> y <strong>El Fort\u00edn<\/strong> con resultados repartidos.<\/p>\n<p>&nbsp;<\/p>\n<p>Por su parte,<strong> Embajadores<\/strong>, <strong>Loma Negra<\/strong> y<strong> Estudiantes<\/strong> consiguieron absolutas victorias en esta jornada y <strong>San Mart\u00edn<\/strong>, en el Pozo Serrano, le gan\u00f3 la pulseada a <strong>Hinojo<\/strong> en los cruces.<\/p>\n<p>&nbsp;<\/p>\n<p>[soliloquy id=&#8221;51853&#8243;]<\/p>\n<p>&nbsp;<\/p>\n<ul>\n<li>\n<h6><strong>Resultados:<\/strong><\/h6>\n<\/li>\n<\/ul>\n<p>&nbsp;<\/p>\n<h6><strong>En D\u00e9cima<\/strong><\/h6>\n<p>Municipales <strong>0 \u2013 3<\/strong> Embajadores<\/p>\n<p>San Mart\u00edn<strong> 1 \u2013 3<\/strong> Hinojo<\/p>\n<p>El Fort\u00edn <strong>1 \u2013 0<\/strong> Ferro<\/p>\n<p>Loma Negra <strong>2 \u2013 0<\/strong> Sierra Chica<\/p>\n<p><img data-recalc-dims=\"1\" loading=\"lazy\" decoding=\"async\" class=\"aligncenter size-full wp-image-51882\" src=\"https:\/\/i0.wp.com\/cdnoticias.com\/wp-content\/uploads\/2024\/06\/Apertura-2024-Fecha-6-Decima.png?resize=788%2C492&#038;ssl=1\" alt=\"\" width=\"788\" height=\"492\" \/><\/p>\n<p>&nbsp;<\/p>\n<h6><strong>En Novena<\/strong><\/h6>\n<p>Municipales<strong> 1 \u2013 3<\/strong> Embajadores<\/p>\n<p>San Mart\u00edn<strong> 1 \u2013 0<\/strong> Hinojo<\/p>\n<p>El Fort\u00edn <strong>1 \u2013 1<\/strong> Ferro<\/p>\n<p>Loma Negra <strong>4 \u2013 0<\/strong> Sierra Chica<\/p>\n<p><img data-recalc-dims=\"1\" loading=\"lazy\" decoding=\"async\" class=\"aligncenter size-full wp-image-51883\" src=\"https:\/\/i0.wp.com\/cdnoticias.com\/wp-content\/uploads\/2024\/06\/Apertura-2024-Fecha-6-Novena.png?resize=786%2C491&#038;ssl=1\" alt=\"\" width=\"786\" height=\"491\" \/><\/p>\n<p>&nbsp;<\/p>\n<h6><strong>En Octava<\/strong><\/h6>\n<p>Luj\u00e1n <strong>1 \u2013 1<\/strong> Racing<\/p>\n<p>Ferro <strong>2 \u2013 1<\/strong> El Fort\u00edn<\/p>\n<p>Colonias y Cerros <strong>0 \u2013 1<\/strong> Estudiantes<\/p>\n<p><img data-recalc-dims=\"1\" loading=\"lazy\" decoding=\"async\" class=\"aligncenter size-full wp-image-51884\" src=\"https:\/\/i0.wp.com\/cdnoticias.com\/wp-content\/uploads\/2024\/06\/Apertura-2024-Fecha-6-Octava.png?resize=786%2C406&#038;ssl=1\" alt=\"\" width=\"786\" height=\"406\" \/><\/p>\n<p>&nbsp;<\/p>\n<h6><strong>En S\u00e9ptima<\/strong><\/h6>\n<p>Embajadores<strong> 12 \u2013 0<\/strong> Municipales<\/p>\n<p>Luj\u00e1n \u2013 Racing (<strong>Postergado<\/strong>)<\/p>\n<p>Colonias y Cerros <strong>0 \u2013 1<\/strong> Estudiantes<\/p>\n<p>Ferro <strong>0 \u2013 1<\/strong> El Fort\u00edn<\/p>\n<p>Loma Negra <strong>3 \u2013 0<\/strong> Sierra Chica<\/p>\n<p><img data-recalc-dims=\"1\" loading=\"lazy\" decoding=\"async\" class=\"aligncenter size-full wp-image-51886\" src=\"https:\/\/i0.wp.com\/cdnoticias.com\/wp-content\/uploads\/2024\/06\/Apertura-2024-Fecha-6-Septima.png?resize=786%2C531&#038;ssl=1\" alt=\"\" width=\"786\" height=\"531\" \/><\/p>\n<p>&nbsp;<\/p>\n<h6><strong>En Sexta<\/strong><\/h6>\n<p>Embajadores <strong>3 \u2013 1<\/strong> Municipales<\/p>\n<p>San Mart\u00edn<strong> 3 \u2013 0<\/strong> Hinojo<\/p>\n<p>Colonias y Cerros <strong>0 \u2013 1<\/strong> Estudiantes<\/p>\n<p>Ferro <strong>1 \u2013 0<\/strong> El Fort\u00edn<\/p>\n<p><img data-recalc-dims=\"1\" loading=\"lazy\" decoding=\"async\" class=\"aligncenter size-full wp-image-51887\" src=\"https:\/\/i0.wp.com\/cdnoticias.com\/wp-content\/uploads\/2024\/06\/Apertura-2024-Fecha-6-Sexta.png?resize=786%2C487&#038;ssl=1\" alt=\"\" width=\"786\" height=\"487\" \/><\/p>\n<p>&nbsp;<\/p>\n<h6><strong>En Quinta<\/strong><\/h6>\n<p>Embajadores <strong>7 \u2013 0<\/strong> Municipales<\/p>\n<p>Luj\u00e1n <strong>0 \u2013 3<\/strong> Racing<\/p>\n<p>Colonias y Cerros <strong>0 \u2013 4<\/strong> Estudiantes<\/p>\n<p>Ferro <strong>1 \u2013 1<\/strong> El Fort\u00edn<\/p>\n<p>Loma Negra <strong>3 \u2013 2<\/strong> Sierra Chica<\/p>\n<p><img data-recalc-dims=\"1\" loading=\"lazy\" decoding=\"async\" class=\"aligncenter size-full wp-image-51885\" src=\"https:\/\/i0.wp.com\/cdnoticias.com\/wp-content\/uploads\/2024\/06\/Apertura-2024-Fecha-6-Quinta.png?resize=787%2C529&#038;ssl=1\" alt=\"\" width=\"787\" height=\"529\" \/><\/p>\n","protected":false},"excerpt":{"rendered":"<p>La jornada de juveniles tuvo lugar este \u00faltimo s\u00e1bado y con acci\u00f3n repartida en ocho escenarios de la ciudad. Qued\u00f3<\/p>\n","protected":false},"author":96739694,"featured_media":161396,"comment_status":"closed","ping_status":"closed","sticky":false,"template":"","format":"standard","meta":{"_jetpack_memberships_contains_paid_content":false,"footnotes":""},"categories":[35,40,1],"tags":[],"class_list":["post-136860","post","type-post","status-publish","format-standard","has-post-thumbnail","hentry","category-futbol","category-inferiores","category-portada"],"jetpack_featured_media_url":"https:\/\/i0.wp.com\/cdnoticias.com\/wp-content\/uploads\/2024\/06\/Inferiores-lfo-6.jpg?fit=1280%2C853&ssl=1","jetpack_sharing_enabled":true,"_links":{"self":[{"href":"https:\/\/cdnoticias.com\/index.php\/wp-json\/wp\/v2\/posts\/136860","targetHints":{"allow":["GET"]}}],"collection":[{"href":"https:\/\/cdnoticias.com\/index.php\/wp-json\/wp\/v2\/posts"}],"about":[{"href":"https:\/\/cdnoticias.com\/index.php\/wp-json\/wp\/v2\/types\/post"}],"author":[{"embeddable":true,"href":"https:\/\/cdnoticias.com\/index.php\/wp-json\/wp\/v2\/users\/96739694"}],"replies":[{"embeddable":true,"href":"https:\/\/cdnoticias.com\/index.php\/wp-json\/wp\/v2\/comments?post=136860"}],"version-history":[{"count":0,"href":"https:\/\/cdnoticias.com\/index.php\/wp-json\/wp\/v2\/posts\/136860\/revisions"}],"wp:featuredmedia":[{"embeddable":true,"href":"https:\/\/cdnoticias.com\/index.php\/wp-json\/wp\/v2\/media\/161396"}],"wp:attachment":[{"href":"https:\/\/cdnoticias.com\/index.php\/wp-json\/wp\/v2\/media?parent=136860"}],"wp:term":[{"taxonomy":"category","embeddable":true,"href":"https:\/\/cdnoticias.com\/index.php\/wp-json\/wp\/v2\/categories?post=136860"},{"taxonomy":"post_tag","embeddable":true,"href":"https:\/\/cdnoticias.com\/index.php\/wp-json\/wp\/v2\/tags?post=136860"}],"curies":[{"name":"wp","href":"https:\/\/api.w.org\/{rel}","templated":true}]}}