{"id":136859,"date":"2024-06-01T21:41:38","date_gmt":"2024-06-02T00:41:38","guid":{"rendered":"https:\/\/centraldeportes.com.ar\/?p=51868"},"modified":"2025-02-13T17:43:27","modified_gmt":"2025-02-13T20:43:27","slug":"olavarria-debuto-en-el-torneo-zonal-u15-con-dos-derrotas","status":"publish","type":"post","link":"https:\/\/cdnoticias.com\/index.php\/2024\/06\/01\/olavarria-debuto-en-el-torneo-zonal-u15-con-dos-derrotas\/","title":{"rendered":"Olavarr\u00eda debut\u00f3 en el Torneo Zonal U15 con dos derrotas"},"content":{"rendered":"<p>El Maxigimnasio del Club Estudiantes recibi\u00f3 la primera jornada del Torneo Zonal U15 de la Federaci\u00f3n de B\u00e1squet de la Provincia de Buenos Aires y en el estreno, los equipos de Olavarr\u00eda perdieron.<!--more--><\/p>\n<hr \/>\n<p>Las ramas Femenina y Masculina de la Asociaci\u00f3n de B\u00e1squet de Olavarr\u00eda tuvieron su debut en otra competencia regional y fue con amplias derrotas ante Bah\u00eda Blanca.<\/p>\n<p>&nbsp;<\/p>\n<p>En el primer turno de la jornada que cont\u00f3 con amplio marco de p\u00fablico, los basquetbolistas en formaci\u00f3n menores de 15 a\u00f1os cayeron ante Bah\u00eda Blanca. Gianfranco Gasparini y Genaro Di St\u00e9fano, jugadores de la visita, con 19 puntos fueron los goleadores del partido.<\/p>\n<p>&nbsp;<\/p>\n<p>[soliloquy id=&#8221;51871&#8243;]<\/p>\n<p>&nbsp;<\/p>\n<p>En Damas, cerrando la jornada, el equipo de la ABO tampoco pudo ante el equipo del Sur de la Provincia que tuvo a Juana Montivero como m\u00e1xima goleadora con 23 puntos. Gianna Bellinzoni fue la destacada olavarriense con 9 de los puntos.<\/p>\n<p>&nbsp;<\/p>\n<p>En la continuidad del certamen, los representantes olavarrienses volver\u00e1n a presentarse en el Maxigimnasio del Parque Guerrero enfrentando a Tres Arroyos en el turno matutino dando inicio a las 9:30.<\/p>\n<p>&nbsp;<\/p>\n<p>Los resultados:<\/p>\n<p>Masculino:<br \/>\nOlavarr\u00eda 39\u2013107 Bah\u00eda Blanca<\/p>\n<p>Femenino:<br \/>\nOlavarr\u00eda 23-109 Bah\u00eda Blanca<\/p>\n<p>&nbsp;<\/p>\n<p>El cronograma:<\/p>\n<p>Domingo:<br \/>\n9:30 hs.: Tres Arroyos \u2013 Olavarr\u00eda (Masculino)<br \/>\n11:30 hs.: Tres Arroyos \u2013 Olavarr\u00eda (Femenino)<br \/>\n16:00 hs.: Tres Arroyos \u2013 Bah\u00eda Blanca (Masculino)<br \/>\n18:00 hs.: Tres Arroyos \u2013 Bah\u00eda Blanca (Femenino)<\/p>\n<p>&nbsp;<\/p>\n","protected":false},"excerpt":{"rendered":"<p>El Maxigimnasio del Club Estudiantes recibi\u00f3 la primera jornada del Torneo Zonal U15 de la Federaci\u00f3n de B\u00e1squet de la<\/p>\n","protected":false},"author":96739694,"featured_media":161400,"comment_status":"closed","ping_status":"closed","sticky":false,"template":"","format":"standard","meta":{"_jetpack_memberships_contains_paid_content":false,"footnotes":""},"categories":[31,44,1],"tags":[],"class_list":["post-136859","post","type-post","status-publish","format-standard","has-post-thumbnail","hentry","category-basquet","category-inferiores-basquet","category-portada"],"jetpack_featured_media_url":"https:\/\/i0.wp.com\/cdnoticias.com\/wp-content\/uploads\/2024\/06\/u15-abo-1.jpg?fit=1280%2C853&ssl=1","jetpack_sharing_enabled":true,"_links":{"self":[{"href":"https:\/\/cdnoticias.com\/index.php\/wp-json\/wp\/v2\/posts\/136859","targetHints":{"allow":["GET"]}}],"collection":[{"href":"https:\/\/cdnoticias.com\/index.php\/wp-json\/wp\/v2\/posts"}],"about":[{"href":"https:\/\/cdnoticias.com\/index.php\/wp-json\/wp\/v2\/types\/post"}],"author":[{"embeddable":true,"href":"https:\/\/cdnoticias.com\/index.php\/wp-json\/wp\/v2\/users\/96739694"}],"replies":[{"embeddable":true,"href":"https:\/\/cdnoticias.com\/index.php\/wp-json\/wp\/v2\/comments?post=136859"}],"version-history":[{"count":0,"href":"https:\/\/cdnoticias.com\/index.php\/wp-json\/wp\/v2\/posts\/136859\/revisions"}],"wp:featuredmedia":[{"embeddable":true,"href":"https:\/\/cdnoticias.com\/index.php\/wp-json\/wp\/v2\/media\/161400"}],"wp:attachment":[{"href":"https:\/\/cdnoticias.com\/index.php\/wp-json\/wp\/v2\/media?parent=136859"}],"wp:term":[{"taxonomy":"category","embeddable":true,"href":"https:\/\/cdnoticias.com\/index.php\/wp-json\/wp\/v2\/categories?post=136859"},{"taxonomy":"post_tag","embeddable":true,"href":"https:\/\/cdnoticias.com\/index.php\/wp-json\/wp\/v2\/tags?post=136859"}],"curies":[{"name":"wp","href":"https:\/\/api.w.org\/{rel}","templated":true}]}}