{"id":13685,"date":"2021-02-13T16:45:19","date_gmt":"2021-02-13T19:45:19","guid":{"rendered":"http:\/\/www.centraldenoticias.com.ar\/?p=13685"},"modified":"2021-02-13T16:03:48","modified_gmt":"2021-02-13T19:03:48","slug":"coronavirus-detectan-en-la-provincia-la-variante-britanica","status":"publish","type":"post","link":"https:\/\/cdnoticias.com\/index.php\/2021\/02\/13\/coronavirus-detectan-en-la-provincia-la-variante-britanica\/","title":{"rendered":"Coronavirus: detectan en la Provincia la variante brit\u00e1nica"},"content":{"rendered":"<p>Es en un caso de circulaci\u00f3n comunitaria en el distrito de La Matanza. El paciente no tiene antecedentes de viajes ni contacto estrecho con un infectado.<!--more--><\/p>\n<hr \/>\n<p><strong>Los expertos del Proyecto PAIS anunciaron en su \u00faltimo reporte que se detect\u00f3 la presencia en una persona de localidad La Matanza de la variante de Reino Unido del coronaviru<\/strong>s, \u201csin antecedentes de viaje ni de contacto estrecho directo con un caso importado\u201d.<\/p>\n<p>Se trata as\u00ed del primer caso en el pa\u00eds de la mutaci\u00f3n brit\u00e1nica<strong> relacionada a la circulaci\u00f3n comunitaria.<\/strong> En tanto, en el reporte tambi\u00e9n se informa de otro portador de la variante 501Y.V1 (la brit\u00e1nica) en \u201cun residente de la ciudad de<strong> Mercedes, provincia de Buenos Aires, que regres\u00f3 de un viaje<\/strong> a los Estados Unidos el 15 de enero\u201d.<\/p>\n<p><strong>La variante del Reino Unido se considera entre 40% y 70% m\u00e1s contagiosa<\/strong> que la que circula normalmente y el primer caso en nuestro pa\u00eds <a href=\"https:\/\/cdnoticias.com\/index.php\/2021\/01\/16\/coronavirus-la-cepa-de-reino-unido-ya-se-detecto-en-argentina\/\" target=\"_blank\" rel=\"noopener\">se hab\u00eda detectado en un viajero<\/a> a mediados del mes de enero.<\/p>\n<p>Por otra parte, <strong>se detectaron 14 personas con la mutaci\u00f3n llamada de R\u00edo de Janeiro<\/strong>, y no se encontr\u00f3 rastros de las variaciones de Sud\u00e1frica y Manaos.<\/p>\n<p>El reporte, el n\u00famero 15 desde mayo del a\u00f1o pasado, describe los resultados de \u201c<strong>la vigilancia activa de las variantes de SARS-CoV-2 realizada sobre un total de 545 muestras<\/strong> de la CABA, Provincia de Buenos Aires, C\u00f3rdoba y la Ciudad de Santa Fe obtenidas entre el 01\/11\/2020 y el 07\/02\/2021\u201d. All\u00ed se cuenta que \u201ccon el objeto de estudiar las variantes circulantes del virus SARS-CoV-2, se realiz\u00f3 la secuenciaci\u00f3n del genoma completo o la secuenciaci\u00f3n parcial del gen que codifica para la prote\u00edna Spike en 156 muestras de CABA y PBA obtenidas en el per\u00edodo del 01\/11\/20 al 07\/02\/2021. En dos casos de secuenciaci\u00f3n parcial se detectaron las mutaciones caracter\u00edsticas de la variante 501Y.V1 (Reino Unido). Mientras que uno de ellos presenta antecedentes de viaje, el otro se asocia a un caso de circulaci\u00f3n comunitaria. En ambos casos se est\u00e1 procediendo a la secuenciaci\u00f3n del genoma completo para su caracterizaci\u00f3n\u201d. Por su parte, \u201cotras 14 secuencias presentaron la mutaci\u00f3n S_E484K caracter\u00edstica de la variante P.2 (R\u00edo de Janeiro). No se detectaron mutaciones caracter\u00edsticas de la variante 501Y.V2 (Sud\u00e1frica) ni de la variante 501Y.V3 (Manaos).<\/p>\n<p><strong>Detecciones<\/strong><\/p>\n<p>M\u00e1s adelante, el informe dice que \u201cse realiz\u00f3 la secuenciaci\u00f3n del genoma completo del SARS-CoV-2 o la secuenciaci\u00f3n parcial del gen que codifica para la prote\u00edna Spike en un total de 156 muestras de la CABA y la PBA. En dos de ellas se detectaron las mutaciones caracter\u00edsticas de la variante 501Y.V1 (Reino Unido). La primera muestra corresponde a un residente del Municipio de La Matanza, sin antecedentes de viaje ni de contacto estrecho directo con un caso importado, que present\u00f3 s\u00edntomas compatibles con la COVID-19 el 3 de febrero y con diagn\u00f3stico positivo para SARS-CoV-2 el 4 de febrero\u201d.<\/p>\n<p>Mientras tanto, la segunda muestra con la variante brit\u00e1nica del virus \u201cpertenece a un residente de la ciudad de Mercedes, provincia de Buenos Aires, que regres\u00f3 de un viaje a los Estados Unidos el 15 de enero. Se realiz\u00f3 el diagn\u00f3stico de infecci\u00f3n por SARS-CoV-2 el d\u00eda 18 de enero por test r\u00e1pido de ant\u00edgeno y el 21 de enero por PCR. El individuo se mantuvo en aislamiento por 14 d\u00edas sin generar casos por contacto estrecho y fue dado de alta el 28 de enero\u201d.<\/p>\n<p><strong>\u201cA ambas muestras se le realizar\u00e1 la secuenciaci\u00f3n de genoma completo en los pr\u00f3ximos d\u00edas para su caracterizaci\u00f3n completa\u201d<\/strong>, agregan desde Proyecto PAIS.<\/p>\n<p>En tanto, \u201cen otras 14 secuencias, todas del AMBA,se detect\u00f3 la mutaci\u00f3n S_E484K, caracter\u00edstica de la variante de R\u00edo de Janeiro\u201d. \u201cEn ninguna de las 156 secuencias de SARS-CoV-2 se observaron las mutaciones caracter\u00edsticas de las variantes 501Y.V2 (Sud\u00e1frica) o 501Y.V3 (Manaos)\u201d, aseguran.<\/p>\n<p><strong>Hace un mes<\/strong><\/p>\n<p>Desde diciembre pasado, <strong>al menos cuatro variantes virales del SARS-CoV-2<\/strong> acapararon la atenci\u00f3n de la comunidad cient\u00edfica y de los gobiernos en el mundo.<\/p>\n<p>La 501Y.V1 (linaje B.1.1.7), cuya muestra m\u00e1s antigua fue detectada en el <strong>Reino Unido<\/strong> el 20 de septiembre del a\u00f1o pasado, fue reportada en 82 pa\u00edses hasta ayer, incluidos Argentina, Brasil, Chile, Ecuador, Per\u00fa y Uruguay, dentro de Am\u00e9rica del Sur, apunt\u00f3 el documento.<\/p>\n<p>En nuestro pa\u00eds, esta variante se report\u00f3 el 15 de enero con la descripci\u00f3n del caso de un argentino residente en Reino Unido con antecedentes de viaje a Austria y Alemania que arrib\u00f3 asintom\u00e1tico desde Frankfurt a finales de diciembre.<\/p>\n<p>La variante 501Y.V2 (linaje B.1.351), detectada en <strong>Sud\u00e1frica<\/strong> desde el 8 de octubre pasado fue reportada en 40 pa\u00edses, hasta ayer, sin reportes de su introducci\u00f3n en Am\u00e9rica.<\/p>\n<p>En tanto, la variante 501Y.V3, cuya muestra m\u00e1s temprana corresponde al 4 de diciembre pasado, fue detectada en <strong>Manaos, Brasil<\/strong>, y <strong>en Jap\u00f3n<\/strong> y ya fue hallada en 18 pa\u00edses, incluyendo Brasil, Colombia, Per\u00fa, Venezuela y la Argentina.<\/p>\n<p>El 8 de febrero pasado se inform\u00f3 la detecci\u00f3n de esta variante en la Argentina en dos muestras de viajeros provenientes de Brasil, por parte de la Instituto Anlis Malbr\u00e1n.<\/p>\n<p>Finalmente, la variante VUI-202101\/01, detectada en <strong>R\u00edo de Janeiro<\/strong>, principalmente desde octubre del a\u00f1o pasado, fue localizada en 17 pa\u00edses, incluido Argentina, con circulaci\u00f3n comunitaria.<\/p>\n<p>Fuente: <i>Agencia <\/i><i>DIB<\/i><\/p>\n","protected":false},"excerpt":{"rendered":"<p>Es en un caso de circulaci\u00f3n comunitaria en el distrito de La Matanza. El paciente no tiene antecedentes de viajes<\/p>\n","protected":false},"author":4,"featured_media":13687,"comment_status":"closed","ping_status":"closed","sticky":false,"template":"","format":"standard","meta":{"_jetpack_memberships_contains_paid_content":false,"footnotes":""},"categories":[6],"tags":[],"class_list":["post-13685","post","type-post","status-publish","format-standard","has-post-thumbnail","hentry","category-nacionales"],"jetpack_featured_media_url":"https:\/\/i0.wp.com\/cdnoticias.com\/wp-content\/uploads\/2021\/02\/DIB-covid-variante-reino-unido-696x392.jpg?fit=696%2C392&ssl=1","jetpack_sharing_enabled":true,"_links":{"self":[{"href":"https:\/\/cdnoticias.com\/index.php\/wp-json\/wp\/v2\/posts\/13685","targetHints":{"allow":["GET"]}}],"collection":[{"href":"https:\/\/cdnoticias.com\/index.php\/wp-json\/wp\/v2\/posts"}],"about":[{"href":"https:\/\/cdnoticias.com\/index.php\/wp-json\/wp\/v2\/types\/post"}],"author":[{"embeddable":true,"href":"https:\/\/cdnoticias.com\/index.php\/wp-json\/wp\/v2\/users\/4"}],"replies":[{"embeddable":true,"href":"https:\/\/cdnoticias.com\/index.php\/wp-json\/wp\/v2\/comments?post=13685"}],"version-history":[{"count":0,"href":"https:\/\/cdnoticias.com\/index.php\/wp-json\/wp\/v2\/posts\/13685\/revisions"}],"wp:featuredmedia":[{"embeddable":true,"href":"https:\/\/cdnoticias.com\/index.php\/wp-json\/wp\/v2\/media\/13687"}],"wp:attachment":[{"href":"https:\/\/cdnoticias.com\/index.php\/wp-json\/wp\/v2\/media?parent=13685"}],"wp:term":[{"taxonomy":"category","embeddable":true,"href":"https:\/\/cdnoticias.com\/index.php\/wp-json\/wp\/v2\/categories?post=13685"},{"taxonomy":"post_tag","embeddable":true,"href":"https:\/\/cdnoticias.com\/index.php\/wp-json\/wp\/v2\/tags?post=13685"}],"curies":[{"name":"wp","href":"https:\/\/api.w.org\/{rel}","templated":true}]}}