{"id":136847,"date":"2024-05-31T15:24:04","date_gmt":"2024-05-31T18:24:04","guid":{"rendered":"https:\/\/centraldeportes.com.ar\/?p=51794"},"modified":"2025-02-13T17:42:15","modified_gmt":"2025-02-13T20:42:15","slug":"agustina-tarantola-se-destaco-en-el-nacional-de-menores","status":"publish","type":"post","link":"https:\/\/cdnoticias.com\/index.php\/2024\/05\/31\/agustina-tarantola-se-destaco-en-el-nacional-de-menores\/","title":{"rendered":"Agustina Tar\u00e1ntola se destac\u00f3 en el Nacional de Menores"},"content":{"rendered":"<p>En el transcurso de la \u00faltima semana, se disput\u00f3 en la sede Pilar de la Sociedad Hebr\u00e1ica Argentina, el segundo Torneo Nacional de Menores de la AAT con la presencia de Agustina Tar\u00e1ntola que logr\u00f3 destacarse.<!--more--><\/p>\n<hr \/>\n<p>La tenista del club Estudiantes lleg\u00f3 al certamen en la categor\u00eda Sub14 siendo la preclasificada N\u00ba 5 y alcanz\u00f3 los cuartos de final en Singles y las semifinales en Dobles, junto a su compa\u00f1era Pilar Da Silva.<\/p>\n<p>&nbsp;<\/p>\n<p>Tar\u00e1ntola, entrenada por los profesores Roberto Fresta y Mariano Galarza, tuvo una muy buena semana, incluso en Dobles cayeron en S\u00faper Tie-Break, a tan solo dos puntos de alcanzar la final, al igual que en singles donde cay\u00f3 en el tercer set en Tie-Break.<\/p>\n<p>&nbsp;<\/p>\n<p>Los resultados:<\/p>\n<p>Singles:<br \/>\nRonda 1: A M\u00eda Daniela Denis por 6\/3, 3\/6 y 6\/2<br \/>\nRonda 2: A M. Felicia por 6\/1 y 6\/0<br \/>\nRonda 3: A V. Attie Huang por 5\/7, 6\/4 y 6\/4<br \/>\nCuartos de final: vs S. Mardones Racioppi por 6\/4, 2\/6 y 6\/7 (4)<\/p>\n<p>Dobles junto a Pilar Da Silva:<br \/>\nRonda 2: A Bedr\u00e1n \u2013 Tana por 6\/2 y 6\/2<br \/>\nCuartos de final: A Corbal\u00e1n Miranda \u2013 Marina por 2\/6, 7\/5 y 13\/11<br \/>\nSemifinal: vs Meinero \u2013 Valles por 4\/6, 7\/6 (3) y 8\/10<\/p>\n<p>&nbsp;<\/p>\n<p>Adem\u00e1s, desde el pasado martes, Agustina Tar\u00e1ntola, disputa una nueva edici\u00f3n de la Copa COSAT, donde habr\u00e1 jugadores de toda Am\u00e9rica Latina.<\/p>\n","protected":false},"excerpt":{"rendered":"<p>En el transcurso de la \u00faltima semana, se disput\u00f3 en la sede Pilar de la Sociedad Hebr\u00e1ica Argentina, el segundo<\/p>\n","protected":false},"author":96739694,"featured_media":161300,"comment_status":"closed","ping_status":"closed","sticky":false,"template":"","format":"standard","meta":{"_jetpack_memberships_contains_paid_content":false,"footnotes":""},"categories":[1,55],"tags":[],"class_list":["post-136847","post","type-post","status-publish","format-standard","has-post-thumbnail","hentry","category-portada","category-tenis-padel"],"jetpack_featured_media_url":"https:\/\/i0.wp.com\/cdnoticias.com\/wp-content\/uploads\/2024\/05\/441516861_988659676598057_6657638130548168488_n-e1717179779276.jpg?fit=526%2C310&ssl=1","jetpack_sharing_enabled":true,"_links":{"self":[{"href":"https:\/\/cdnoticias.com\/index.php\/wp-json\/wp\/v2\/posts\/136847","targetHints":{"allow":["GET"]}}],"collection":[{"href":"https:\/\/cdnoticias.com\/index.php\/wp-json\/wp\/v2\/posts"}],"about":[{"href":"https:\/\/cdnoticias.com\/index.php\/wp-json\/wp\/v2\/types\/post"}],"author":[{"embeddable":true,"href":"https:\/\/cdnoticias.com\/index.php\/wp-json\/wp\/v2\/users\/96739694"}],"replies":[{"embeddable":true,"href":"https:\/\/cdnoticias.com\/index.php\/wp-json\/wp\/v2\/comments?post=136847"}],"version-history":[{"count":0,"href":"https:\/\/cdnoticias.com\/index.php\/wp-json\/wp\/v2\/posts\/136847\/revisions"}],"wp:featuredmedia":[{"embeddable":true,"href":"https:\/\/cdnoticias.com\/index.php\/wp-json\/wp\/v2\/media\/161300"}],"wp:attachment":[{"href":"https:\/\/cdnoticias.com\/index.php\/wp-json\/wp\/v2\/media?parent=136847"}],"wp:term":[{"taxonomy":"category","embeddable":true,"href":"https:\/\/cdnoticias.com\/index.php\/wp-json\/wp\/v2\/categories?post=136847"},{"taxonomy":"post_tag","embeddable":true,"href":"https:\/\/cdnoticias.com\/index.php\/wp-json\/wp\/v2\/tags?post=136847"}],"curies":[{"name":"wp","href":"https:\/\/api.w.org\/{rel}","templated":true}]}}