{"id":136833,"date":"2024-05-28T21:18:36","date_gmt":"2024-05-29T00:18:36","guid":{"rendered":"https:\/\/centraldeportes.com.ar\/?p=51728"},"modified":"2025-02-13T17:42:35","modified_gmt":"2025-02-13T20:42:35","slug":"nehuen-erripa-con-la-albiceleste-en-el-campeonato-panamericano","status":"publish","type":"post","link":"https:\/\/cdnoticias.com\/index.php\/2024\/05\/28\/nehuen-erripa-con-la-albiceleste-en-el-campeonato-panamericano\/","title":{"rendered":"Nehu\u00e9n Erripa, con la \u201calbiceleste\u201d, en el Campeonato Panamericano"},"content":{"rendered":"<p>Brasil fue el pa\u00eds elegido para una nueva edici\u00f3n del Campeonato Panamericano y dentro de la Selecci\u00f3n Argentina estuvo presente Nehu\u00e9n Erripa que se present\u00f3 en la prueba de Pelot\u00f3n Sub23.<!--more--><\/p>\n<hr \/>\n<p>El certamen internacional que cont\u00f3 con casi 800 ciclistas de 44 pa\u00edses en las diversas pruebas de ruta, en las categor\u00edas \u00c9lite, Sub23 y Junior, en masculino, y \u00c9lite y Junior, en femenino se llev\u00f3 a cabo desde el 20 al 26 de mayo y el ciclista olavarriense fue uno de los representantes del equipo nacional.<\/p>\n<p>&nbsp;<\/p>\n<p>Nehu\u00e9n Erripa fue parte de la prueba de Pelot\u00f3n Sub23 sobre 163,2 kil\u00f3metros que se desarroll\u00f3 el ante\u00faltimo d\u00eda de competencias y logr\u00f3 ver la bandera a cuadros en la 27\u00b0 posici\u00f3n.<\/p>\n<p>&nbsp;<\/p>\n<p>El olavarriense lleg\u00f3 en un grupo que cedi\u00f3 20 segundos con la punta de la carrera que consagr\u00f3 al local Otavio Gonzali.<\/p>\n","protected":false},"excerpt":{"rendered":"<p>Brasil fue el pa\u00eds elegido para una nueva edici\u00f3n del Campeonato Panamericano y dentro de la Selecci\u00f3n Argentina estuvo presente<\/p>\n","protected":false},"author":96739694,"featured_media":161336,"comment_status":"closed","ping_status":"closed","sticky":false,"template":"","format":"standard","meta":{"_jetpack_memberships_contains_paid_content":false,"footnotes":""},"categories":[30,1],"tags":[],"class_list":["post-136833","post","type-post","status-publish","format-standard","has-post-thumbnail","hentry","category-polideportivo","category-portada"],"jetpack_featured_media_url":"https:\/\/i0.wp.com\/cdnoticias.com\/wp-content\/uploads\/2024\/05\/442498002_761935536051679_4249784650202415615_n-e1716941877326.jpg?fit=960%2C563&ssl=1","jetpack_sharing_enabled":true,"_links":{"self":[{"href":"https:\/\/cdnoticias.com\/index.php\/wp-json\/wp\/v2\/posts\/136833","targetHints":{"allow":["GET"]}}],"collection":[{"href":"https:\/\/cdnoticias.com\/index.php\/wp-json\/wp\/v2\/posts"}],"about":[{"href":"https:\/\/cdnoticias.com\/index.php\/wp-json\/wp\/v2\/types\/post"}],"author":[{"embeddable":true,"href":"https:\/\/cdnoticias.com\/index.php\/wp-json\/wp\/v2\/users\/96739694"}],"replies":[{"embeddable":true,"href":"https:\/\/cdnoticias.com\/index.php\/wp-json\/wp\/v2\/comments?post=136833"}],"version-history":[{"count":0,"href":"https:\/\/cdnoticias.com\/index.php\/wp-json\/wp\/v2\/posts\/136833\/revisions"}],"wp:featuredmedia":[{"embeddable":true,"href":"https:\/\/cdnoticias.com\/index.php\/wp-json\/wp\/v2\/media\/161336"}],"wp:attachment":[{"href":"https:\/\/cdnoticias.com\/index.php\/wp-json\/wp\/v2\/media?parent=136833"}],"wp:term":[{"taxonomy":"category","embeddable":true,"href":"https:\/\/cdnoticias.com\/index.php\/wp-json\/wp\/v2\/categories?post=136833"},{"taxonomy":"post_tag","embeddable":true,"href":"https:\/\/cdnoticias.com\/index.php\/wp-json\/wp\/v2\/tags?post=136833"}],"curies":[{"name":"wp","href":"https:\/\/api.w.org\/{rel}","templated":true}]}}