{"id":136827,"date":"2024-05-27T15:22:38","date_gmt":"2024-05-27T18:22:38","guid":{"rendered":"https:\/\/centraldeportes.com.ar\/?p=51663"},"modified":"2025-02-13T17:42:44","modified_gmt":"2025-02-13T20:42:44","slug":"regatas-se-impuso-en-el-primer-punto-de-la-serie-de-reclasificacion","status":"publish","type":"post","link":"https:\/\/cdnoticias.com\/index.php\/2024\/05\/27\/regatas-se-impuso-en-el-primer-punto-de-la-serie-de-reclasificacion\/","title":{"rendered":"Regatas se impuso en el primer punto de la serie de Reclasificaci\u00f3n"},"content":{"rendered":"<p>Empez\u00f3 la Reclasificaci\u00f3n de la Liga Nacional y en un partidazo, Regatas arranc\u00f3 con triunfo en Comodoro Rivadavia. Buen aporte de \u201cAle\u201d Diez.<!--more--><\/p>\n<hr \/>\n<p>El \u201cRemero\u201d se rob\u00f3 la ventaja de local\u00eda con un triunfazo en suplementario ante Gimnasia. Fue por 89-83 tras igualar en 75 en el tiempo regular.<\/p>\n<p>&nbsp;<\/p>\n<p>Gimnasia aprovech\u00f3 muy bien su momento, se agrand\u00f3 como local y en el \u00faltimo parcial fue contundente para lograr forzar el tiempo extra tras igualar las acciones en 75, luego de un dominio casi total del equipo de Corrientes.<\/p>\n<p>&nbsp;<\/p>\n<p>La definici\u00f3n, en tiempo suplementario, fue 89 a 83 para el conjunto de Corrientes. Con esta victoria, Regatas se adelant\u00f3 1-0 en la serie de reclasificaci\u00f3n.<\/p>\n<p>&nbsp;<\/p>\n<p>En el \u201cFantasma\u201d, Alejandro Diez complet\u00f3 23:15 minutos con 10 puntos, 6 rebotes y 1 recupero.<\/p>\n","protected":false},"excerpt":{"rendered":"<p>Empez\u00f3 la Reclasificaci\u00f3n de la Liga Nacional y en un partidazo, Regatas arranc\u00f3 con triunfo en Comodoro Rivadavia. Buen aporte<\/p>\n","protected":false},"author":96739694,"featured_media":161352,"comment_status":"closed","ping_status":"closed","sticky":false,"template":"","format":"standard","meta":{"_jetpack_memberships_contains_paid_content":false,"footnotes":""},"categories":[31,36,1],"tags":[],"class_list":["post-136827","post","type-post","status-publish","format-standard","has-post-thumbnail","hentry","category-basquet","category-liga-nacional","category-portada"],"jetpack_featured_media_url":"https:\/\/i0.wp.com\/cdnoticias.com\/wp-content\/uploads\/2024\/05\/diez.jpg?fit=800%2C445&ssl=1","jetpack_sharing_enabled":true,"_links":{"self":[{"href":"https:\/\/cdnoticias.com\/index.php\/wp-json\/wp\/v2\/posts\/136827","targetHints":{"allow":["GET"]}}],"collection":[{"href":"https:\/\/cdnoticias.com\/index.php\/wp-json\/wp\/v2\/posts"}],"about":[{"href":"https:\/\/cdnoticias.com\/index.php\/wp-json\/wp\/v2\/types\/post"}],"author":[{"embeddable":true,"href":"https:\/\/cdnoticias.com\/index.php\/wp-json\/wp\/v2\/users\/96739694"}],"replies":[{"embeddable":true,"href":"https:\/\/cdnoticias.com\/index.php\/wp-json\/wp\/v2\/comments?post=136827"}],"version-history":[{"count":0,"href":"https:\/\/cdnoticias.com\/index.php\/wp-json\/wp\/v2\/posts\/136827\/revisions"}],"wp:featuredmedia":[{"embeddable":true,"href":"https:\/\/cdnoticias.com\/index.php\/wp-json\/wp\/v2\/media\/161352"}],"wp:attachment":[{"href":"https:\/\/cdnoticias.com\/index.php\/wp-json\/wp\/v2\/media?parent=136827"}],"wp:term":[{"taxonomy":"category","embeddable":true,"href":"https:\/\/cdnoticias.com\/index.php\/wp-json\/wp\/v2\/categories?post=136827"},{"taxonomy":"post_tag","embeddable":true,"href":"https:\/\/cdnoticias.com\/index.php\/wp-json\/wp\/v2\/tags?post=136827"}],"curies":[{"name":"wp","href":"https:\/\/api.w.org\/{rel}","templated":true}]}}