{"id":136823,"date":"2024-05-26T22:19:42","date_gmt":"2024-05-27T01:19:42","guid":{"rendered":"https:\/\/centraldeportes.com.ar\/?p=51645"},"modified":"2025-02-13T17:38:57","modified_gmt":"2025-02-13T20:38:57","slug":"embajadores-y-el-fortin-terminaron-a-mano-en-el-sintetico","status":"publish","type":"post","link":"https:\/\/cdnoticias.com\/index.php\/2024\/05\/26\/embajadores-y-el-fortin-terminaron-a-mano-en-el-sintetico\/","title":{"rendered":"Embajadores y El Fort\u00edn terminaron a mano en el sint\u00e9tico"},"content":{"rendered":"<p>Fue 1 a 1 en los primeros noventa minutos del Play-Off clasificatorio. La llave qued\u00f3 abierta y todo se definir\u00e1 el pr\u00f3ximo fin de semana en el Ricardo S\u00e1nchez.<!--more--><\/p>\n<hr \/>\n<p>El <strong>Clemente \u201cTete\u201d Di Carlo<\/strong> alberg\u00f3 este fresco domingo por la tarde el partido de ida del Play-Off clasificatorio entre <strong>Embajadores<\/strong> y <strong>El Fort\u00edn<\/strong>, que no se sacaron ventajas y dejaron la llave abierta para la revancha.<\/p>\n<p>&nbsp;<\/p>\n<p><strong>Edgardo Maldonado<\/strong> abri\u00f3 la cuenta para los de Ram\u00edrez y <strong>Federico Sacher<\/strong> estamp\u00f3 la igualdad para el CEO, ambos en la primera mitad. <strong>Y fue el resultado en cifras definitivas: 1 a 1 en el sint\u00e9tico<\/strong>.<\/p>\n<p>&nbsp;<\/p>\n<ul>\n<li>\n<h6><strong>El partido<\/strong><\/h6>\n<\/li>\n<\/ul>\n<p>&nbsp;<\/p>\n<p>El comienzo de las acciones en el sint\u00e9tico encontr\u00f3 mejor a El Fort\u00edn, que partir de los 6 minutos se puso arriba en el marcador. <strong>El \u201cZurdo\u201d Maldonado aprovech\u00f3 el desconcierto de la defensa local en la salida, corri\u00f3 mano a mano perseguido por Sacher y defini\u00f3 por debajo de Rizzi para el 0 \u2013 1<\/strong>.<\/p>\n<p>&nbsp;<\/p>\n<p>La temprana ventaja fue una inyecci\u00f3n an\u00edmica para los de la avenida Urquiza, que empezaron a asociarse y manejaron las riendas del partido ante un Embajadores que no encontr\u00f3 respuestas ni la pelota en la mitad de la cancha.<\/p>\n<p>&nbsp;<\/p>\n<p>No obstante, la balanza se inclin\u00f3 para el local. El esf\u00e9rico comenz\u00f3 a pasar m\u00e1s tiempo en los pies de Areco y eso le hizo bien a Embajadores que, a los 36\u2019, encontr\u00f3 la paridad de pelota parada. <strong>Previo tiro de esquina ejecutado por el mencionado volante central, Federico Sacher anticip\u00f3 a todos, pein\u00f3 en el primer palo y la puso junto al poste izquierdo de Piecenti<\/strong>.<\/p>\n<p>&nbsp;<\/p>\n<p>[soliloquy id=&#8221;51644&#8243;]<\/p>\n<p>&nbsp;<\/p>\n<p>La din\u00e1mica en el sint\u00e9tico comenz\u00f3 a sentirse y el partido a armarse. Incluso la \u00faltima del primer chico la tuvo El Fort\u00edn, nuevamente en los pies de Maldonado, que sac\u00f3 provecho del yerro de Di Bello, pero se hall\u00f3 con la buena respuesta de Rizzi bajo los tres palos.<\/p>\n<p>&nbsp;<\/p>\n<p>En el segundo tiempo, los comandados por Marcos Valderrey tomaron la iniciativa y tuvieron su mejor momento. Si bien no tuvieron demasiadas ocasiones de gol, obligaron a los \u201cFortineros\u201d a retroceder varios metros y jugar en su campo. A los 70\u2019, Fern\u00e1ndez avis\u00f3 con un derechazo que pas\u00f3 pegado al palo y tres minutos m\u00e1s tarde, \u201cFacu\u201d Piecenti se luci\u00f3 con una gran atajada para negarle la ventaja a Sacchi.<\/p>\n<p>&nbsp;<\/p>\n<p>Los ingresos de Tolosa y Bonavetti le dieron una lavada de cara a la visita, que mejor\u00f3 con el correr de los minutos hasta el pitazo final. Y tuvo la chance de llevarse algo m\u00e1s a los 82\u2019, pero Rizzi, con una volada espectacular, le ahog\u00f3 el grito al frentazo de Tortorella en una de las \u00faltimas claras del encuentro.<\/p>\n<p>&nbsp;<\/p>\n<p><strong>Rojas<\/strong>, incansable aguantando de espaldas, <strong>Areco<\/strong> y <strong>Rizzi<\/strong> con destacadas actuaciones en el local. Gran partido del <strong>\u201cZurdo\u201d Maldonado<\/strong>, la figura de la cancha y tambi\u00e9n para resaltar el notable desgaste de <strong>Tortorella<\/strong> como de <strong>Teves<\/strong> en el juego por las bandas de la visita.<\/p>\n<p>&nbsp;<\/p>\n<p>Con la llave m\u00e1s que abierta, el clasificado a la siguiente instancia del Torneo Uni\u00f3n Deportiva Regional se conocer\u00e1 el pr\u00f3ximo fin de semana en el Ricardo S\u00e1nchez, donde los de Ram\u00edrez, adem\u00e1s, tendr\u00e1n la ventaja deportiva a favor.<\/p>\n<p>&nbsp;<\/p>\n<p><strong>S\u00edntesis Embajadores \u2013 El Fort\u00edn: \u00a0<\/strong><\/p>\n<p><strong>Embajadores (1):<\/strong> Gonzalo Rizzi; Bruno Di Bello, Federico Sacher, Franco Carlucci, Facundo Soto (T. Pintos); Esteban G\u00f3mez, Juan Cruz Areco, Emilio Scipioni; Santino Sacchi, Franco Fern\u00e1ndez y Luciano Rojas. DT: Marcos Valderrey.<\/p>\n<p><strong>El Fort\u00edn (1): <\/strong>Facundo Piecenti; Emanuel Teves, Andr\u00e9s Ilekis, Manuel Garrido, Enzo Barrientos; Gabriel Bravo (M. Bonavetti), Bernardo Junger; Tom\u00e1s L\u00f3pez (G. Tolosa), Edgardo Maldonado, Ra\u00fal Tortorella (L. Benito); Emiliano Piecenti. DT: N\u00e9stor Ram\u00edrez.<\/p>\n<p><strong>Goles<\/strong>: 6m. PT Edgardo Maldonado (EF) y 36m. PT Federico Sacher (CEO).<\/p>\n<p><strong>Amonestados<\/strong>: G\u00f3mez, Di Bello, Soto, Sacher y Areco (Embajadores); Garrido y Maldonado (El Fort\u00edn).<\/p>\n<p><strong>Expulsados<\/strong>: 40m. ST Bruno Di Carlo \u2013 PF \u2013 (CEO).<\/p>\n<p><strong>\u00c1rbitro<\/strong>: Nicol\u00e1s Moreno. <strong>Estadio<\/strong>: Clemente \u201cTete\u201d Di Carlo.<\/p>\n","protected":false},"excerpt":{"rendered":"<p>Fue 1 a 1 en los primeros noventa minutos del Play-Off clasificatorio. La llave qued\u00f3 abierta y todo se definir\u00e1<\/p>\n","protected":false},"author":96739694,"featured_media":161234,"comment_status":"closed","ping_status":"closed","sticky":false,"template":"","format":"standard","meta":{"_jetpack_memberships_contains_paid_content":false,"footnotes":""},"categories":[35,1,41],"tags":[],"class_list":["post-136823","post","type-post","status-publish","format-standard","has-post-thumbnail","hentry","category-futbol","category-portada","category-primera-y-reserva"],"jetpack_featured_media_url":"https:\/\/i0.wp.com\/cdnoticias.com\/wp-content\/uploads\/2024\/05\/ceo-fortin-9.jpg?fit=1280%2C853&ssl=1","jetpack_sharing_enabled":true,"_links":{"self":[{"href":"https:\/\/cdnoticias.com\/index.php\/wp-json\/wp\/v2\/posts\/136823","targetHints":{"allow":["GET"]}}],"collection":[{"href":"https:\/\/cdnoticias.com\/index.php\/wp-json\/wp\/v2\/posts"}],"about":[{"href":"https:\/\/cdnoticias.com\/index.php\/wp-json\/wp\/v2\/types\/post"}],"author":[{"embeddable":true,"href":"https:\/\/cdnoticias.com\/index.php\/wp-json\/wp\/v2\/users\/96739694"}],"replies":[{"embeddable":true,"href":"https:\/\/cdnoticias.com\/index.php\/wp-json\/wp\/v2\/comments?post=136823"}],"version-history":[{"count":0,"href":"https:\/\/cdnoticias.com\/index.php\/wp-json\/wp\/v2\/posts\/136823\/revisions"}],"wp:featuredmedia":[{"embeddable":true,"href":"https:\/\/cdnoticias.com\/index.php\/wp-json\/wp\/v2\/media\/161234"}],"wp:attachment":[{"href":"https:\/\/cdnoticias.com\/index.php\/wp-json\/wp\/v2\/media?parent=136823"}],"wp:term":[{"taxonomy":"category","embeddable":true,"href":"https:\/\/cdnoticias.com\/index.php\/wp-json\/wp\/v2\/categories?post=136823"},{"taxonomy":"post_tag","embeddable":true,"href":"https:\/\/cdnoticias.com\/index.php\/wp-json\/wp\/v2\/tags?post=136823"}],"curies":[{"name":"wp","href":"https:\/\/api.w.org\/{rel}","templated":true}]}}