{"id":136821,"date":"2024-05-26T19:15:44","date_gmt":"2024-05-26T22:15:44","guid":{"rendered":"https:\/\/centraldeportes.com.ar\/?p=51613"},"modified":"2025-02-13T17:38:59","modified_gmt":"2025-02-13T20:38:59","slug":"ciudad-sufrio-su-primera-derrota-oficial-en-bahia-blanca","status":"publish","type":"post","link":"https:\/\/cdnoticias.com\/index.php\/2024\/05\/26\/ciudad-sufrio-su-primera-derrota-oficial-en-bahia-blanca\/","title":{"rendered":"Ciudad sufri\u00f3 su primera derrota oficial en Bah\u00eda Blanca"},"content":{"rendered":"\n<div class=\"wp-block-group is-layout-constrained wp-block-group-is-layout-constrained\">\n<p>El conjunto olavarriense, que mereci\u00f3 m\u00e1s en el primer tiempo, cay\u00f3 2 a 0 frente a Villa Mitre por la 3\u00b0 fecha de la Copa Federal Regional Amateur.<!--more--><\/p>\n<hr \/>\n<p>En el mediod\u00eda de este domingo, <strong>Ciudad de Olavarr\u00eda<\/strong> no pudo en su visita a <strong>Villa Mitre<\/strong> de Bah\u00eda Blanca y registr\u00f3 su primera derrota no solo en el <strong>Copa Federal Regional Amateur<\/strong>, sino tambi\u00e9n en su historia oficial.<\/p>\n<p>\u00a0<\/p>\n<p>Por la <strong>3\u00b0 fecha<\/strong> de la Zona 2 de la Regi\u00f3n Pampeana Sur,<strong> las dirigidas por Enrique De la Vega cedieron 2 a 0 ante el \u201cTricolor\u201d<\/strong> en el c\u00e9sped del Estadio El Fort\u00edn. <strong>Agustina Rodr\u00edguez<\/strong>, a los 37\u2019 del primer tiempo, y <strong>Sol Men\u00e9ndez Perrone<\/strong> a los 12\u2019 del complemento, convirtieron los tantos en el combinado bahiense.<\/p>\n<p>\u00a0<\/p>\n<p>Ciudad sali\u00f3 dispuesto a jugarle de igual a igual a Villa Mitre e incluso domin\u00f3 en varios segmentos del partido. Mereci\u00f3 llegar al gol y tuvo las m\u00e1s claras en los pies de Karen Bargas, pero Capurro repeli\u00f3 todo lo que lleg\u00f3 a su arco.<\/p>\n<p>\u00a0<\/p>\n\n<p>\u00a0<\/p>\n<p>\u201cLos goles que no se hacen en un arco, se hacen en el otro\u201d dice un viejo refr\u00e1n futbolero y as\u00ed fue, porque en la primera ocasi\u00f3n de peligro que tuvo el \u201cTricolor\u201d se puso en ventaja.<\/p>\n<p>\u00a0<\/p>\n<p>A escasos minutos del segundo tiempo, las de Stallocca aumentaron la diferencia y, a pesar del esfuerzo, a Ciudad se le hizo cada vez m\u00e1s lejos el arco rival, aunque cont\u00f3 con situaciones para descontar sobre el final, con ventaja num\u00e9rica por la expulsi\u00f3n de Semper en el local.<\/p>\n<p>\u00a0<\/p>\n<p><strong>En la pr\u00f3xima fecha, el equipo olavarriense quedar\u00e1 libre<\/strong> y volver\u00e1 a jugar el fin de semana siguiente contra Juventud en Laprida, para luego cerrar el grupo en el \u201cRicardo S\u00e1nchez\u201d nuevamente ante las bahienses.<\/p>\n<p>\u00a0<\/p>\n<p><em><strong>Fotos: C\u00edrculo Central (Bah\u00eda Blanca)<\/strong><\/em><\/p>\n<hr \/>\n<p><img data-recalc-dims=\"1\" loading=\"lazy\" decoding=\"async\" class=\"aligncenter size-full wp-image-51618\" src=\"https:\/\/i0.wp.com\/cdnoticias.com\/wp-content\/uploads\/2024\/05\/Posiciones-CFRA-Femenina-Fecha-3.png?resize=787%2C203&#038;ssl=1\" alt=\"\" width=\"787\" height=\"203\" \/><\/p>\n<hr \/>\n<p><strong>S\u00edntesis Villa Mitre (Bah\u00eda Blanca) \u2013 Ciudad de Olavarr\u00eda:<\/strong><\/p>\n<p><strong>Villa Mitre (2):<\/strong> Lourdes Capurro; Celeste Lopetegui, Ivana Scarabotti (S. Mart\u00ednez), Estefan\u00eda Rodr\u00edguez, Dana Ramos; Lucrecia Semper, Camila Kroneberger, Sol Men\u00e9ndez Perrone, Jessica Mella (C. Quiroga); Renata Trech y Agustina Rodr\u00edguez. DT: Juan Jos\u00e9 Stallocca.<\/p>\n<p><strong>Ciudad (0):<\/strong> Nabila Rahhal; Maira D\u00edaz, Maisa Arredondo, Roc\u00edo Vivas, Milena Mart\u00edn (O. Vitrano); Milagros Velo, Betiana Pisso, Karen Funes, Roc\u00edo Sosa (M. Rossini); Karen Bargas y Berenice Figlioli (J. Vailatti). DT: Enrique De la Vega.<\/p>\n<p><strong>Goles: <\/strong>37m. PT Agustina Rodr\u00edguez (VM); 12m. ST Sol Men\u00e9ndez (VM).<\/p>\n<p><strong>Amonestadas: <\/strong>Figlioli, Pisso, Sosa, Arredondo, Vitrano y Vivas (Ciudad de Olavarr\u00eda).<\/p>\n<p><strong>Expulsadas:<\/strong> Lucrecia Semper en el ST (VM).<\/p>\n<p><strong>\u00c1rbitro:<\/strong> Maite Otaegui (Tres Arroyos). <strong>Estadio:<\/strong> El Fort\u00edn (Bah\u00eda Blanca).<\/p>\n<\/div>\n","protected":false},"excerpt":{"rendered":"<p>El conjunto olavarriense, que mereci\u00f3 m\u00e1s en el primer tiempo, cay\u00f3 2 a 0 frente a Villa Mitre por la<\/p>\n","protected":false},"author":96739694,"featured_media":161240,"comment_status":"closed","ping_status":"closed","sticky":false,"template":"","format":"standard","meta":{"_jetpack_memberships_contains_paid_content":false,"footnotes":""},"categories":[47,35,1,54],"tags":[],"class_list":["post-136821","post","type-post","status-publish","format-standard","has-post-thumbnail","hentry","category-femenino","category-futbol","category-portada","category-torneo-regional-amateur"],"jetpack_featured_media_url":"https:\/\/i0.wp.com\/cdnoticias.com\/wp-content\/uploads\/2024\/05\/Ciudad-vs-Villa-Mitre-Fecha-3-CFRA3.jpeg?fit=1000%2C666&ssl=1","jetpack_sharing_enabled":true,"_links":{"self":[{"href":"https:\/\/cdnoticias.com\/index.php\/wp-json\/wp\/v2\/posts\/136821","targetHints":{"allow":["GET"]}}],"collection":[{"href":"https:\/\/cdnoticias.com\/index.php\/wp-json\/wp\/v2\/posts"}],"about":[{"href":"https:\/\/cdnoticias.com\/index.php\/wp-json\/wp\/v2\/types\/post"}],"author":[{"embeddable":true,"href":"https:\/\/cdnoticias.com\/index.php\/wp-json\/wp\/v2\/users\/96739694"}],"replies":[{"embeddable":true,"href":"https:\/\/cdnoticias.com\/index.php\/wp-json\/wp\/v2\/comments?post=136821"}],"version-history":[{"count":0,"href":"https:\/\/cdnoticias.com\/index.php\/wp-json\/wp\/v2\/posts\/136821\/revisions"}],"wp:featuredmedia":[{"embeddable":true,"href":"https:\/\/cdnoticias.com\/index.php\/wp-json\/wp\/v2\/media\/161240"}],"wp:attachment":[{"href":"https:\/\/cdnoticias.com\/index.php\/wp-json\/wp\/v2\/media?parent=136821"}],"wp:term":[{"taxonomy":"category","embeddable":true,"href":"https:\/\/cdnoticias.com\/index.php\/wp-json\/wp\/v2\/categories?post=136821"},{"taxonomy":"post_tag","embeddable":true,"href":"https:\/\/cdnoticias.com\/index.php\/wp-json\/wp\/v2\/tags?post=136821"}],"curies":[{"name":"wp","href":"https:\/\/api.w.org\/{rel}","templated":true}]}}