{"id":136817,"date":"2024-05-26T11:32:17","date_gmt":"2024-05-26T14:32:17","guid":{"rendered":"https:\/\/centraldeportes.com.ar\/?p=51602"},"modified":"2024-05-26T11:32:17","modified_gmt":"2024-05-26T14:32:17","slug":"llego-la-quinta-consecutiva-chingotto-y-galan-son-finalistas-en-la-feliz-2","status":"publish","type":"post","link":"https:\/\/cdnoticias.com\/index.php\/2024\/05\/26\/llego-la-quinta-consecutiva-chingotto-y-galan-son-finalistas-en-la-feliz-2\/","title":{"rendered":"Lleg\u00f3 la quinta consecutiva: Chingotto y Gal\u00e1n son finalistas en \u201cLa Feliz\u201d"},"content":{"rendered":"<p>Tras una extensa jornada en el Polideportivo Islas Malvinas, el olavarriense y el madrile\u00f1o tacharon en sets corridos a \u201cLos Superpibes\u201d y se metieron en la definici\u00f3n del P1 marplatense. Enfrentar\u00e1n, una vez m\u00e1s, a Tapia \u2013 Coello.<!--more--><\/p>\n<hr \/>\n<p><strong>\u201cFede\u201d Chingotto<\/strong> y <strong>Ale Gal\u00e1n<\/strong> sumaron otra importante victoria en la ciudad balnearia y alcanzaron la quinta final consecutiva en <strong>Premier Padel<\/strong> desde que la pareja se form\u00f3.<\/p>\n<p>&nbsp;<\/p>\n<p>La jornada de semifinales comenz\u00f3 en la tarde del s\u00e1bado y culmin\u00f3 en la madrugada de este domingo, donde la \u201cChingal\u00e1n\u201d enfrent\u00f3 en el \u00faltimo turno de la pista central a <strong>Franco Stupaczuk<\/strong> y <strong>Mart\u00edn Di Nenno<\/strong>.<\/p>\n<p>&nbsp;<\/p>\n<p><strong>No solo la del \u201cS\u00faper Rat\u00f3n\u201d fue la \u00fanica presencia local, ya que el partido fue arbitrado por el olavarriense Ezequiel \u201cPato\u201d Grecco.<\/strong><\/p>\n<p>&nbsp;<\/p>\n<p>En cuanto a las acciones en el 20&#215;10 y tras una hora y siete minutos de partido, <strong>Chingotto y Gal\u00e1n tacharon a \u201cLos Superpibes\u201d con un doble 6 \u2013 3 y avanzaron a la final del P1 de Mar del Plata<\/strong>.<\/p>\n<p>&nbsp;<\/p>\n<p>Enfrentar\u00e1n a <strong>Agust\u00edn Tapia y Arturo Coello<\/strong>, quienes eliminaron a Yanguas \u2013 Garrido<strong> 6 \u2013 3, 6 \u2013 7 y 6 \u2013 2<\/strong>. El partido ser\u00e1 en la tarde de este domingo y comenzar\u00e1 alrededor de las 17:00 horas.<\/p>\n<p>&nbsp;<\/p>\n<p><em><strong>Foto: Premier Padel.<\/strong><\/em><\/p>\n","protected":false},"excerpt":{"rendered":"<p>Tras una extensa jornada en el Polideportivo Islas Malvinas, el olavarriense y el madrile\u00f1o tacharon en sets corridos a \u201cLos<\/p>\n","protected":false},"author":96739695,"featured_media":51603,"comment_status":"closed","ping_status":"closed","sticky":false,"template":"","format":"standard","meta":{"_jetpack_memberships_contains_paid_content":false,"footnotes":""},"categories":[1,55],"tags":[],"class_list":["post-136817","post","type-post","status-publish","format-standard","has-post-thumbnail","hentry","category-portada","category-tenis-padel"],"jetpack_featured_media_url":"","jetpack_sharing_enabled":true,"_links":{"self":[{"href":"https:\/\/cdnoticias.com\/index.php\/wp-json\/wp\/v2\/posts\/136817","targetHints":{"allow":["GET"]}}],"collection":[{"href":"https:\/\/cdnoticias.com\/index.php\/wp-json\/wp\/v2\/posts"}],"about":[{"href":"https:\/\/cdnoticias.com\/index.php\/wp-json\/wp\/v2\/types\/post"}],"author":[{"embeddable":true,"href":"https:\/\/cdnoticias.com\/index.php\/wp-json\/wp\/v2\/users\/96739695"}],"replies":[{"embeddable":true,"href":"https:\/\/cdnoticias.com\/index.php\/wp-json\/wp\/v2\/comments?post=136817"}],"version-history":[{"count":0,"href":"https:\/\/cdnoticias.com\/index.php\/wp-json\/wp\/v2\/posts\/136817\/revisions"}],"wp:featuredmedia":[{"embeddable":true,"href":"https:\/\/cdnoticias.com\/index.php\/wp-json\/"}],"wp:attachment":[{"href":"https:\/\/cdnoticias.com\/index.php\/wp-json\/wp\/v2\/media?parent=136817"}],"wp:term":[{"taxonomy":"category","embeddable":true,"href":"https:\/\/cdnoticias.com\/index.php\/wp-json\/wp\/v2\/categories?post=136817"},{"taxonomy":"post_tag","embeddable":true,"href":"https:\/\/cdnoticias.com\/index.php\/wp-json\/wp\/v2\/tags?post=136817"}],"curies":[{"name":"wp","href":"https:\/\/api.w.org\/{rel}","templated":true}]}}