{"id":136815,"date":"2024-05-25T21:08:45","date_gmt":"2024-05-26T00:08:45","guid":{"rendered":"https:\/\/centraldeportes.com.ar\/?p=51588"},"modified":"2025-02-13T17:39:09","modified_gmt":"2025-02-13T20:39:09","slug":"zonal-de-selecciones-u13-dos-derrotas-para-los-equipos-de-la-abo","status":"publish","type":"post","link":"https:\/\/cdnoticias.com\/index.php\/2024\/05\/25\/zonal-de-selecciones-u13-dos-derrotas-para-los-equipos-de-la-abo\/","title":{"rendered":"Zonal de Selecciones U13: dos derrotas para los equipos de la ABO"},"content":{"rendered":"<p>En Bah\u00eda Blanca y durante el fin de semana se juega el primer Torneo Zonal de Selecciones de la Federaci\u00f3n de B\u00e1squet de la Provincia de Buenos Aires y los equipos de la Asociaci\u00f3n de B\u00e1squet de Olavarr\u00eda debutaron con dos derrotas.<!--more--><\/p>\n<hr \/>\n<p>Las selecciones masculinas y femeninas de menores de 13 a\u00f1os del b\u00e1squet local iniciaron el a\u00f1o competitivo y fue con derrotas en su estreno.<\/p>\n<p>&nbsp;<\/p>\n<p>El debut de la jornada fue con la presentaci\u00f3n del equipo de la ABO ante Bah\u00eda Blanca en la categor\u00eda masculina y a pesar de los 17 puntos de Salvador N\u00fa\u00f1ez, fue derrota.<\/p>\n<p>&nbsp;<\/p>\n<p>Cerrando el s\u00e1bado, tampoco pudo ser festejo para las Damas que cayeron, tambi\u00e9n, ante las anfitrionas. La jugadora destacada de la ABO fue Victoria Stork con 13 puntos.<\/p>\n<p>&nbsp;<\/p>\n<p>La continuidad del certamen tendr\u00e1 a las dos selecciones olavarrienses enfrent\u00e1ndose a Tres Arroyos que tuvo fecha libre en el transcurso del s\u00e1bado.<\/p>\n<p>&nbsp;<\/p>\n<p>Los resultados:<\/p>\n<p>Masculino:<br \/>\nBah\u00eda Blanca 76-47 Olavarr\u00eda<\/p>\n<p>Femenino:<br \/>\nBah\u00eda Blanca 64-38 Olavarr\u00eda<\/p>\n","protected":false},"excerpt":{"rendered":"<p>En Bah\u00eda Blanca y durante el fin de semana se juega el primer Torneo Zonal de Selecciones de la Federaci\u00f3n<\/p>\n","protected":false},"author":96739694,"featured_media":161260,"comment_status":"closed","ping_status":"closed","sticky":false,"template":"","format":"standard","meta":{"_jetpack_memberships_contains_paid_content":false,"footnotes":""},"categories":[44,30,1],"tags":[],"class_list":["post-136815","post","type-post","status-publish","format-standard","has-post-thumbnail","hentry","category-inferiores-basquet","category-polideportivo","category-portada"],"jetpack_featured_media_url":"https:\/\/i0.wp.com\/cdnoticias.com\/wp-content\/uploads\/2024\/05\/WhatsApp-Image-2024-05-25-at-18.52.12-e1716682108898.jpeg?fit=1381%2C746&ssl=1","jetpack_sharing_enabled":true,"_links":{"self":[{"href":"https:\/\/cdnoticias.com\/index.php\/wp-json\/wp\/v2\/posts\/136815","targetHints":{"allow":["GET"]}}],"collection":[{"href":"https:\/\/cdnoticias.com\/index.php\/wp-json\/wp\/v2\/posts"}],"about":[{"href":"https:\/\/cdnoticias.com\/index.php\/wp-json\/wp\/v2\/types\/post"}],"author":[{"embeddable":true,"href":"https:\/\/cdnoticias.com\/index.php\/wp-json\/wp\/v2\/users\/96739694"}],"replies":[{"embeddable":true,"href":"https:\/\/cdnoticias.com\/index.php\/wp-json\/wp\/v2\/comments?post=136815"}],"version-history":[{"count":0,"href":"https:\/\/cdnoticias.com\/index.php\/wp-json\/wp\/v2\/posts\/136815\/revisions"}],"wp:featuredmedia":[{"embeddable":true,"href":"https:\/\/cdnoticias.com\/index.php\/wp-json\/wp\/v2\/media\/161260"}],"wp:attachment":[{"href":"https:\/\/cdnoticias.com\/index.php\/wp-json\/wp\/v2\/media?parent=136815"}],"wp:term":[{"taxonomy":"category","embeddable":true,"href":"https:\/\/cdnoticias.com\/index.php\/wp-json\/wp\/v2\/categories?post=136815"},{"taxonomy":"post_tag","embeddable":true,"href":"https:\/\/cdnoticias.com\/index.php\/wp-json\/wp\/v2\/tags?post=136815"}],"curies":[{"name":"wp","href":"https:\/\/api.w.org\/{rel}","templated":true}]}}