{"id":13680,"date":"2021-02-13T14:59:34","date_gmt":"2021-02-13T17:59:34","guid":{"rendered":"http:\/\/www.centraldenoticias.com.ar\/?p=13680"},"modified":"2021-02-13T14:59:34","modified_gmt":"2021-02-13T17:59:34","slug":"elvira-rosa-aguirre-viuda-de-zelarrallan-q-e-p-d","status":"publish","type":"post","link":"https:\/\/cdnoticias.com\/index.php\/2021\/02\/13\/elvira-rosa-aguirre-viuda-de-zelarrallan-q-e-p-d\/","title":{"rendered":"Elvira Rosa Aguirre viuda de Zelarrall\u00e1n (Q.E.P.D.)"},"content":{"rendered":"<p>Falleci\u00f3 en Olavarr\u00eda el d\u00eda 13 de febrero de 2021 a los 79 a\u00f1os de edad.<\/p>\n<p>Sus hijos: Rosita, Cristina, An\u00edbal, Ana, Liliana y Eugenia; sus yernos, sus nietos, sus bisnietos y dem\u00e1s deudos participan su fallecimiento.<\/p>\n<p>Velatorio y responso: a confirmar. Cremaci\u00f3n: Crematorio Pinos de Paz en d\u00eda a confirmar. Servicio adherido a Coopelectric.<\/p>\n<p>Vecina de Villa Alfredo Fortabat<\/p>\n<p>Lugar de nacimiento: Bol\u00edvar<\/p>\n<p>Actividad que desarrollaba: Jubilada<\/p>\n","protected":false},"excerpt":{"rendered":"<p>Falleci\u00f3 en Olavarr\u00eda el d\u00eda 13 de febrero de 2021 a los 79 a\u00f1os de edad. Sus hijos: Rosita, Cristina,<\/p>\n","protected":false},"author":4,"featured_media":0,"comment_status":"closed","ping_status":"closed","sticky":false,"template":"","format":"standard","meta":{"_jetpack_memberships_contains_paid_content":false,"footnotes":""},"categories":[10],"tags":[],"class_list":["post-13680","post","type-post","status-publish","format-standard","hentry","category-necrologicas"],"jetpack_featured_media_url":"","jetpack_sharing_enabled":true,"_links":{"self":[{"href":"https:\/\/cdnoticias.com\/index.php\/wp-json\/wp\/v2\/posts\/13680","targetHints":{"allow":["GET"]}}],"collection":[{"href":"https:\/\/cdnoticias.com\/index.php\/wp-json\/wp\/v2\/posts"}],"about":[{"href":"https:\/\/cdnoticias.com\/index.php\/wp-json\/wp\/v2\/types\/post"}],"author":[{"embeddable":true,"href":"https:\/\/cdnoticias.com\/index.php\/wp-json\/wp\/v2\/users\/4"}],"replies":[{"embeddable":true,"href":"https:\/\/cdnoticias.com\/index.php\/wp-json\/wp\/v2\/comments?post=13680"}],"version-history":[{"count":0,"href":"https:\/\/cdnoticias.com\/index.php\/wp-json\/wp\/v2\/posts\/13680\/revisions"}],"wp:attachment":[{"href":"https:\/\/cdnoticias.com\/index.php\/wp-json\/wp\/v2\/media?parent=13680"}],"wp:term":[{"taxonomy":"category","embeddable":true,"href":"https:\/\/cdnoticias.com\/index.php\/wp-json\/wp\/v2\/categories?post=13680"},{"taxonomy":"post_tag","embeddable":true,"href":"https:\/\/cdnoticias.com\/index.php\/wp-json\/wp\/v2\/tags?post=13680"}],"curies":[{"name":"wp","href":"https:\/\/api.w.org\/{rel}","templated":true}]}}