{"id":136789,"date":"2024-05-22T16:17:59","date_gmt":"2024-05-22T19:17:59","guid":{"rendered":"https:\/\/centraldeportes.com.ar\/?p=51425"},"modified":"2025-02-13T17:37:55","modified_gmt":"2025-02-13T20:37:55","slug":"estudiantes-entreno-en-el-predio-de-velez-sarsfield","status":"publish","type":"post","link":"https:\/\/cdnoticias.com\/index.php\/2024\/05\/22\/estudiantes-entreno-en-el-predio-de-velez-sarsfield\/","title":{"rendered":"Estudiantes entren\u00f3 en el Predio de V\u00e9lez Sarsfield"},"content":{"rendered":"<p>El pasado martes una importante delegaci\u00f3n de futbolistas del Club Estudiantes, estuvieron en el Predio de V\u00e9lez Sarsfield compartiendo entrenamientos, y amistosos ante los conjuntos locales en las distintas divisionales.<!--more--><\/p>\n<hr \/>\n<p>Representantes del &#8220;Bataraz&#8221; nacidos entre 2008 y 2012 sumaron una experiencia inolvidable sumando entrenamientos y partidos ante los elencos velezanos. Adem\u00e1s, estuvieron en el Estadio Jos\u00e9 Amalfitani, post entrenamientos de la ma\u00f1ana. Luego, en horario vespertino, visitaron la Villa Ol\u00edmpica del Club V\u00e9lez Sarsfield.<\/p>\n<p>&nbsp;<\/p>\n<p>Los jugadores fueron acompa\u00f1ados por miembros de la Subcomisi\u00f3n y los entrenadores, Mauricio Peralta, Roberto Orsatti, Iv\u00e1n N\u00fa\u00f1ez y Juan Dotti.<\/p>\n","protected":false},"excerpt":{"rendered":"<p>El pasado martes una importante delegaci\u00f3n de futbolistas del Club Estudiantes, estuvieron en el Predio de V\u00e9lez Sarsfield compartiendo entrenamientos,<\/p>\n","protected":false},"author":96739694,"featured_media":161200,"comment_status":"closed","ping_status":"closed","sticky":false,"template":"","format":"standard","meta":{"_jetpack_memberships_contains_paid_content":false,"footnotes":""},"categories":[35,40,1],"tags":[],"class_list":["post-136789","post","type-post","status-publish","format-standard","has-post-thumbnail","hentry","category-futbol","category-inferiores","category-portada"],"jetpack_featured_media_url":"https:\/\/i0.wp.com\/cdnoticias.com\/wp-content\/uploads\/2024\/05\/441495877_984437067020318_6339543808594889402_n-e1716405464993.jpg?fit=1440%2C818&ssl=1","jetpack_sharing_enabled":true,"_links":{"self":[{"href":"https:\/\/cdnoticias.com\/index.php\/wp-json\/wp\/v2\/posts\/136789","targetHints":{"allow":["GET"]}}],"collection":[{"href":"https:\/\/cdnoticias.com\/index.php\/wp-json\/wp\/v2\/posts"}],"about":[{"href":"https:\/\/cdnoticias.com\/index.php\/wp-json\/wp\/v2\/types\/post"}],"author":[{"embeddable":true,"href":"https:\/\/cdnoticias.com\/index.php\/wp-json\/wp\/v2\/users\/96739694"}],"replies":[{"embeddable":true,"href":"https:\/\/cdnoticias.com\/index.php\/wp-json\/wp\/v2\/comments?post=136789"}],"version-history":[{"count":0,"href":"https:\/\/cdnoticias.com\/index.php\/wp-json\/wp\/v2\/posts\/136789\/revisions"}],"wp:featuredmedia":[{"embeddable":true,"href":"https:\/\/cdnoticias.com\/index.php\/wp-json\/wp\/v2\/media\/161200"}],"wp:attachment":[{"href":"https:\/\/cdnoticias.com\/index.php\/wp-json\/wp\/v2\/media?parent=136789"}],"wp:term":[{"taxonomy":"category","embeddable":true,"href":"https:\/\/cdnoticias.com\/index.php\/wp-json\/wp\/v2\/categories?post=136789"},{"taxonomy":"post_tag","embeddable":true,"href":"https:\/\/cdnoticias.com\/index.php\/wp-json\/wp\/v2\/tags?post=136789"}],"curies":[{"name":"wp","href":"https:\/\/api.w.org\/{rel}","templated":true}]}}