{"id":136767,"date":"2024-05-18T19:14:48","date_gmt":"2024-05-18T22:14:48","guid":{"rendered":"https:\/\/centraldeportes.com.ar\/?p=51255"},"modified":"2025-02-13T17:36:54","modified_gmt":"2025-02-13T20:36:54","slug":"atletas-fortineros-se-subieron-al-podio-en-la-feliz","status":"publish","type":"post","link":"https:\/\/cdnoticias.com\/index.php\/2024\/05\/18\/atletas-fortineros-se-subieron-al-podio-en-la-feliz\/","title":{"rendered":"Atletas \u201cFortineros\u201d se subieron al podio en \u201cLa Feliz\u201d"},"content":{"rendered":"\n<div class=\"wp-block-group is-layout-constrained wp-block-group-is-layout-constrained\">\n<p>En el transcurso del fin de semana se lleva a cabo en la pista Justo Rom\u00e1n de Mar del Plata, el Campeonato Provincial Sub20 y en la jornada inaugural hubo medallas para atletas de El Fort\u00edn.<!--more--><\/p>\n<hr \/>\n<p><strong>Las actuaciones m\u00e1s destacadas del transcurso del s\u00e1bado fueron para Bautista Gallicchio e I\u00f1aki Arguindegui que se colgaron la medalla de oro en sus presentaciones.<\/strong><\/p>\n<p>\u00a0<\/p>\n<p>En la distancia de 100 metros,<strong> Gallicchio<\/strong> registr\u00f3 un tiempo de 10.7 para ser el mejor, mientras que <strong>Arguindegui<\/strong> se impuso en los 400 metros con un tiempo de 51.8.<\/p>\n<p>\u00a0<\/p>\n<p>Adem\u00e1s, <strong>Francesca Bolognani<\/strong> se colg\u00f3 la medalla de bronce en la prueba de 100 metros con vallas con un tiempo de 17.8. y sum\u00f3 experiencia en los 100 metros donde finaliz\u00f3 7\u00b0.<\/p>\n<p>\u00a0<\/p>\n<p>Tambi\u00e9n fue medalla de bronce para la posta de 4&#215;100 Caballeros que termin\u00f3 la prueba con un tiempo de 45.1.<\/p>\n<p>\u00a0<\/p>\n<p>Por otro lado, tambi\u00e9n tomaron parte de la prueba de 100 metros, <strong>Agust\u00edn Bustos, Bautista Balistrere, Emiliano D\u00edaz, I\u00f1aki Arguindegui y Leandro \u00c1lvarez<\/strong>.<\/p>\n<p>\u00a0<\/p>\n<p>En los 400 metros, <strong>Ignacio Alga\u00f1araz<\/strong> accedi\u00f3 a la Final y finaliz\u00f3 s\u00e9ptimo con 54.4 y en la distancia de 1500 metros, <strong>Alfredo Ardiles<\/strong> fue 8\u00b0 con 4:19.1.<\/p>\n<p>\u00a0<\/p>\n<p>Por \u00faltimo, <strong>Iv\u00e1n Silvero<\/strong> particip\u00f3 de los 5000 metros donde finaliz\u00f3 4\u00b0 con 17:06.9 y misma ubicaci\u00f3n logr\u00f3<strong> Bautista Balistrere<\/strong> en Lanzamiento de Bala con una distancia de 9.91.<\/p>\n<\/div>\n","protected":false},"excerpt":{"rendered":"<p>En el transcurso del fin de semana se lleva a cabo en la pista Justo Rom\u00e1n de Mar del Plata,<\/p>\n","protected":false},"author":96739694,"featured_media":161142,"comment_status":"closed","ping_status":"closed","sticky":false,"template":"","format":"standard","meta":{"_jetpack_memberships_contains_paid_content":false,"footnotes":""},"categories":[38,1],"tags":[],"class_list":["post-136767","post","type-post","status-publish","format-standard","has-post-thumbnail","hentry","category-pedestrismo","category-portada"],"jetpack_featured_media_url":"https:\/\/i0.wp.com\/cdnoticias.com\/wp-content\/uploads\/2024\/05\/atletismo.jpg?fit=800%2C445&ssl=1","jetpack_sharing_enabled":true,"_links":{"self":[{"href":"https:\/\/cdnoticias.com\/index.php\/wp-json\/wp\/v2\/posts\/136767","targetHints":{"allow":["GET"]}}],"collection":[{"href":"https:\/\/cdnoticias.com\/index.php\/wp-json\/wp\/v2\/posts"}],"about":[{"href":"https:\/\/cdnoticias.com\/index.php\/wp-json\/wp\/v2\/types\/post"}],"author":[{"embeddable":true,"href":"https:\/\/cdnoticias.com\/index.php\/wp-json\/wp\/v2\/users\/96739694"}],"replies":[{"embeddable":true,"href":"https:\/\/cdnoticias.com\/index.php\/wp-json\/wp\/v2\/comments?post=136767"}],"version-history":[{"count":0,"href":"https:\/\/cdnoticias.com\/index.php\/wp-json\/wp\/v2\/posts\/136767\/revisions"}],"wp:featuredmedia":[{"embeddable":true,"href":"https:\/\/cdnoticias.com\/index.php\/wp-json\/wp\/v2\/media\/161142"}],"wp:attachment":[{"href":"https:\/\/cdnoticias.com\/index.php\/wp-json\/wp\/v2\/media?parent=136767"}],"wp:term":[{"taxonomy":"category","embeddable":true,"href":"https:\/\/cdnoticias.com\/index.php\/wp-json\/wp\/v2\/categories?post=136767"},{"taxonomy":"post_tag","embeddable":true,"href":"https:\/\/cdnoticias.com\/index.php\/wp-json\/wp\/v2\/tags?post=136767"}],"curies":[{"name":"wp","href":"https:\/\/api.w.org\/{rel}","templated":true}]}}